{"id":129415,"date":"2020-08-20T07:27:05","date_gmt":"2020-08-20T12:27:05","guid":{"rendered":"https:\/\/plazajuarez.mx\/?p=129415"},"modified":"2020-08-20T07:27:18","modified_gmt":"2020-08-20T12:27:18","slug":"uso-de-cubrebocas-como-politica-publica-federal-piden-empresarios","status":"publish","type":"post","link":"https:\/\/plazajuarez.mx\/historico\/uso-de-cubrebocas-como-politica-publica-federal-piden-empresarios\/","title":{"rendered":"Uso de cubrebocas como pol\u00edtica p\u00fablica federal, piden empresarios"},"content":{"rendered":"\n<p>El presidente de la Confederaci\u00f3n Patronal de la Rep\u00fablica Mexicana (Coparmex) en Hidalgo, Ricardo Rivera Barqu\u00edn, lanz\u00f3 un exhorto al Gobierno Federal para que generalice el uso de cobrebocas, esto como un m\u00e9todo para reducir m\u00e1s los contagios de Covid-19, y con el objetivo de tener una reactivaci\u00f3n econ\u00f3mica segura.&nbsp;<\/p>\n\n\n\n<p>Sobre este tema, el representante patronal en el estado afirm\u00f3 que, a pesar de que se tienen evidencias cient\u00edficas sobre el uso de cubrebocas para contener alg\u00fan tipo de epidemia, existen personas que dudan de estos estudios, aseverando incluso que no sirve para contener virus, y en donde indic\u00f3 que, de no tener raz\u00f3n, el no realizar una acci\u00f3n tan sencilla est\u00e1 costando vidas.&nbsp;<\/p>\n\n\n\n<p>Por otro lado, tambi\u00e9n refiri\u00f3 que el mismo Gobierno Federal ha sido omiso en recomendar el uso de este art\u00edculo de forma clara y contundente, y que por consiguiente no se ha emitido ninguna regulaci\u00f3n, y que por esto ha provocado que todos los d\u00edas se tengan altos niveles de contagio.&nbsp;<\/p>\n\n\n\n<p>Ante ello, declar\u00f3 que, si tan solo el 80 por ciento de las personas llegaran a usar de forma apropiada el cubrebocas dentro de los espacios p\u00fablicos donde no sea posible guardar una distancia social, la pandemia de Covid-19 podr\u00eda decaer en cuesti\u00f3n de semana, y hablar de su supresi\u00f3n dentro de un plazo de un par de meses.&nbsp;<\/p>\n\n\n\n<p>Declar\u00f3 que actualmente el pa\u00eds ocupa el tercer lugar mundial en cuanto a las defunciones a causa del Covid-19, y que para que M\u00e9xico pueda haber una reactivaci\u00f3n econ\u00f3mica segura, se debe hacer que el uso del cubrebocas sea obligatorio en situaciones como la actual, y as\u00ed mismo hacer que las autoridades de salud promuevan su uso en los espacios p\u00fablicos.&nbsp;<\/p>\n","protected":false},"excerpt":{"rendered":"<p>El presidente de la Confederaci\u00f3n Patronal de la Rep\u00fablica Mexicana (Coparmex) en Hidalgo, Ricardo Rivera Barqu\u00edn, lanz\u00f3 un exhorto al Gobierno Federal para que generalice el uso de cobrebocas, esto como un m\u00e9todo para reducir m\u00e1s los contagios de Covid-19, y con el objetivo de tener una reactivaci\u00f3n econ\u00f3mica segura.&nbsp; Sobre este tema, el representante [&hellip;]<\/p>\n","protected":false},"author":93,"featured_media":0,"comment_status":"closed","ping_status":"open","sticky":false,"template":"","format":"standard","meta":{"footnotes":""},"categories":[59],"tags":[],"class_list":["post-129415","post","type-post","status-publish","format-standard","hentry","category-general"],"_links":{"self":[{"href":"https:\/\/plazajuarez.mx\/historico\/wp-json\/wp\/v2\/posts\/129415","targetHints":{"allow":["GET"]}}],"collection":[{"href":"https:\/\/plazajuarez.mx\/historico\/wp-json\/wp\/v2\/posts"}],"about":[{"href":"https:\/\/plazajuarez.mx\/historico\/wp-json\/wp\/v2\/types\/post"}],"author":[{"embeddable":true,"href":"https:\/\/plazajuarez.mx\/historico\/wp-json\/wp\/v2\/users\/93"}],"replies":[{"embeddable":true,"href":"https:\/\/plazajuarez.mx\/historico\/wp-json\/wp\/v2\/comments?post=129415"}],"version-history":[{"count":0,"href":"https:\/\/plazajuarez.mx\/historico\/wp-json\/wp\/v2\/posts\/129415\/revisions"}],"wp:attachment":[{"href":"https:\/\/plazajuarez.mx\/historico\/wp-json\/wp\/v2\/media?parent=129415"}],"wp:term":[{"taxonomy":"category","embeddable":true,"href":"https:\/\/plazajuarez.mx\/historico\/wp-json\/wp\/v2\/categories?post=129415"},{"taxonomy":"post_tag","embeddable":true,"href":"https:\/\/plazajuarez.mx\/historico\/wp-json\/wp\/v2\/tags?post=129415"}],"curies":[{"name":"wp","href":"https:\/\/api.w.org\/{rel}","templated":true}]}}