{"id":129402,"date":"2020-08-20T07:07:36","date_gmt":"2020-08-20T12:07:36","guid":{"rendered":"https:\/\/plazajuarez.mx\/?p=129402"},"modified":"2020-08-20T07:07:51","modified_gmt":"2020-08-20T12:07:51","slug":"alfil-negro-1901","status":"publish","type":"post","link":"https:\/\/plazajuarez.mx\/historico\/alfil-negro-1901\/","title":{"rendered":"ALFIL NEGRO"},"content":{"rendered":"\n<h2 class=\"wp-block-heading\"><strong>EL BUENO, EL MALO Y EL FEO<\/strong><\/h2>\n\n\n\n<!--more-->\n\n\n\n<p>Fue una pel\u00edcula de 1966, que tuvo mucho \u00e9xito por el tema que trat\u00f3, el buen reparto de los actores y sin duda la m\u00fasica, y el nombre de la cinta que se convirti\u00f3 en un cl\u00e1sico.<\/p>\n\n\n\n<p>En el registro de candidatos para alcaldes, que la verdad para cuando se escribe esto no hab\u00eda datos finales, conforme se fueron conociendo algunos nombres, hubo reacciones de los perdedores que los ubican como el bueno, el malo y el feo.<\/p>\n\n\n\n<p>El bueno, debe ser Pablo Vargas, que dej\u00f3 tendidos y en la lona a quienes ya se sent\u00edan los candidatos de Morena, porque seg\u00fan sus encuestas, ellos eran los vencedores y ya se&nbsp; so\u00f1aban con el t\u00edtulo de &#8220;se\u00f1or Presidente&#8221;.<\/p>\n\n\n\n<p>Pero no, noqueados quedaron Canek V\u00e1zquez, que hab\u00eda creado la imagen de la victoria con una serie de movimientos audaces en que SUS encuestas lo daban ya como alcalde. Y \u00a1sopas!, que lo rebasan por la izquierda y m\u00e1s porque se ve que no esperaba ese golpe, que lo llev\u00f3 a subir un video, en el que agitado pero realista, dec\u00eda que todav\u00eda no hab\u00eda nada, aunque, se le notaba que entend\u00eda que \u00e9l no era el elegido y que el bueno era Pablo Vargas.<\/p>\n\n\n\n<p>Por otra parte, Vargas tiene su revancha despu\u00e9s de 14 a\u00f1os de la decisi\u00f3n vengativa de Sosa Castel\u00e1n, que orden\u00f3 correrlo del Instituto de Ciencias&nbsp; Sociales, porque en alguno de sus trabajos logr\u00f3 que la voz del universitario reprobara a Gerardo. Entre otras cosas.<\/p>\n\n\n\n<p>Ahora quien pone fuera al Grupo Universidad es Pablo, que les gana la candidatura a los que ya se sent\u00edan los abanderados de Morena.<\/p>\n\n\n\n<p>El&nbsp; malo debe ser el Grupo Universidad, que pese a ganar algunas candidaturas, no logra lo que consigui\u00f3 en el 2018 cuando se despach\u00f3 con la cuchara grande, y ahora ya no es lo mismo, aparte de que sus apuestas se ven medianitas,&nbsp; como el ahora ex diputado Baptista, que no la tiene f\u00e1cil en Tula, aparte de que antes debe aclarar el asunto del mill\u00f3n de pesos en el Congreso.<\/p>\n\n\n\n<p>Dami\u00e1n en Tulancingo, no parece tener la fuerza para vencer a Jorge M\u00e1rquez, que todo indica lo vencer\u00e1 y ganar\u00e1 la alcald\u00eda. En Mineral de la Reforma, Morena con Arely Maya, no tiene con qu\u00e9 para ganarle a Israel F\u00e9lix.<\/p>\n\n\n\n<p>El feo, es Francisco Javier, que fiel a su estilo reaccion\u00f3 de manera miserable y cobarde, atacando sin argumento v\u00e1lido a la madre del Secretario de Hacienda Arturo Herrera, sin decir las cosas claras, lo cual es una cobard\u00eda.<\/p>\n\n\n\n<p>Este tipo de actitudes, no se deben permitir, y seguramente habr\u00e1 alguna reacci\u00f3n de la familia Herrera Guti\u00e9rrez, por esta acci\u00f3n impropia no hablemos de un pol\u00edtico, sino de un hombre con m\u00ednima Educaci\u00f3n.<\/p>\n\n\n\n<p>Lo dem\u00e1s que dice, en que ataca al gobernador por la elecci\u00f3n pasada, s\u00f3lo puede significar que sigue ardido por la paliza que le dio Fayad.<\/p>\n\n\n\n<p>En cuanto a que buscar\u00e1 ser gobernador, so\u00f1ar no cuesta nada, pero una cosa es cierta: este sujeto jam\u00e1s ser\u00e1 gobernador de Hidalgo.<\/p>\n\n\n\n<p>Pero la historia no termina, ma\u00f1ana ser\u00e1 otro d\u00eda.<\/p>\n\n\n\n<p><strong>Y pueden cambiar muchas cosas.<\/strong><\/p>\n","protected":false},"excerpt":{"rendered":"<p>EL BUENO, EL MALO Y EL FEO<\/p>\n","protected":false},"author":83,"featured_media":0,"comment_status":"closed","ping_status":"open","sticky":false,"template":"","format":"standard","meta":{"footnotes":""},"categories":[48,42],"tags":[],"class_list":["post-129402","post","type-post","status-publish","format-standard","hentry","category-adalberto-peralta","category-nuestrapalabra"],"_links":{"self":[{"href":"https:\/\/plazajuarez.mx\/historico\/wp-json\/wp\/v2\/posts\/129402","targetHints":{"allow":["GET"]}}],"collection":[{"href":"https:\/\/plazajuarez.mx\/historico\/wp-json\/wp\/v2\/posts"}],"about":[{"href":"https:\/\/plazajuarez.mx\/historico\/wp-json\/wp\/v2\/types\/post"}],"author":[{"embeddable":true,"href":"https:\/\/plazajuarez.mx\/historico\/wp-json\/wp\/v2\/users\/83"}],"replies":[{"embeddable":true,"href":"https:\/\/plazajuarez.mx\/historico\/wp-json\/wp\/v2\/comments?post=129402"}],"version-history":[{"count":0,"href":"https:\/\/plazajuarez.mx\/historico\/wp-json\/wp\/v2\/posts\/129402\/revisions"}],"wp:attachment":[{"href":"https:\/\/plazajuarez.mx\/historico\/wp-json\/wp\/v2\/media?parent=129402"}],"wp:term":[{"taxonomy":"category","embeddable":true,"href":"https:\/\/plazajuarez.mx\/historico\/wp-json\/wp\/v2\/categories?post=129402"},{"taxonomy":"post_tag","embeddable":true,"href":"https:\/\/plazajuarez.mx\/historico\/wp-json\/wp\/v2\/tags?post=129402"}],"curies":[{"name":"wp","href":"https:\/\/api.w.org\/{rel}","templated":true}]}}