{"id":128826,"date":"2020-08-16T07:09:35","date_gmt":"2020-08-16T12:09:35","guid":{"rendered":"https:\/\/plazajuarez.mx\/?p=128826"},"modified":"2020-08-16T07:09:51","modified_gmt":"2020-08-16T12:09:51","slug":"coparmex-hidalgo-incentiva-el-uso-de-cubrebocas","status":"publish","type":"post","link":"https:\/\/plazajuarez.mx\/historico\/coparmex-hidalgo-incentiva-el-uso-de-cubrebocas\/","title":{"rendered":"Coparmex Hidalgo incentiva el uso de cubrebocas"},"content":{"rendered":"\n<p>Por medio del lanzamiento de la campa\u00f1a \u201c\u00a1Ponle Alto al Contagio!\u201d, la Confederaci\u00f3n Patronal de la Rep\u00fablica Mexicana (Coparmex) en Hidalgo incentivar\u00e1 el uso de cubrebocas por al menos en un periodo de 50 d\u00edas con el objetivo de prevenir y disminuir m\u00e1s casos de contagios por Covid-19, promoviendo con esto la responsabilidad social.&nbsp;<\/p>\n\n\n\n<p>Al respecto, el presidente de la Coparmex Hidalgo, Ricardo Rivera Barqu\u00edn, coment\u00f3 que, a pesar de que la Jornada Nacional de Sana Distancia culmin\u00f3 el pasado 30 de mayo, la emergencia sanitaria decretada desde mediados de marzo no concluy\u00f3, y que es ahora que la poblaci\u00f3n debe adaptarse y aplicar nuevos h\u00e1bitos para proteger la salud.&nbsp;<\/p>\n\n\n\n<p>De esta forma, declar\u00f3 que se puede contener los contagios de Covid-19 en 50 d\u00edas, y que en ese aspecto, se desarrollar\u00e1 dicha campa\u00f1a en este plazo, en la que se considerar\u00e1n tres acciones principales, siendo la primera una campa\u00f1a de comunicaci\u00f3n para promover e informar sobre el uso de cubrebocas mediante el uso de <em>hashtags<\/em> en las redes sociales.&nbsp;<\/p>\n\n\n\n<p>En segundo lugar, coment\u00f3 que se promover\u00e1 que las autoridades, las empresas y la ciudadan\u00eda adopten el compromiso del uso de este art\u00edculo, mediante el llenado de un formulario disponible en el micrositio de la campa\u00f1a; y en la tercera fase se realizar\u00e1 lo que denomin\u00f3 un \u201cCubret\u00f3n\u201d, con el que se entregar\u00e1n cubrebocas dentro de las zonas de bajos recursos, puntos que consider\u00f3 que son focos de contagio.&nbsp;<\/p>\n\n\n\n<p>De acuerdo con las cifras oficiales, existen m\u00e1s de 505 mil contagiados de Covid-19 en todo el pa\u00eds, mientras que M\u00e9xico ocupa el tercer lugar de defunciones a causa de esta enfermedad, con m\u00e1s de 55 mil muertes, mientras que bases de datos como Our World In Data, el 71 por ciento de las pruebas de Covid-19 en M\u00e9xico resultan positivas, lo que se consideran de las tasas m\u00e1s altas en todo el mundo.&nbsp;<\/p>\n","protected":false},"excerpt":{"rendered":"<p>Por medio del lanzamiento de la campa\u00f1a \u201c\u00a1Ponle Alto al Contagio!\u201d, la Confederaci\u00f3n Patronal de la Rep\u00fablica Mexicana (Coparmex) en Hidalgo incentivar\u00e1 el uso de cubrebocas por al menos en un periodo de 50 d\u00edas con el objetivo de prevenir y disminuir m\u00e1s casos de contagios por Covid-19, promoviendo con esto la responsabilidad social.&nbsp; Al [&hellip;]<\/p>\n","protected":false},"author":93,"featured_media":0,"comment_status":"closed","ping_status":"open","sticky":false,"template":"","format":"standard","meta":{"footnotes":""},"categories":[15,59],"tags":[],"class_list":["post-128826","post","type-post","status-publish","format-standard","hentry","category-destacadas","category-general"],"_links":{"self":[{"href":"https:\/\/plazajuarez.mx\/historico\/wp-json\/wp\/v2\/posts\/128826","targetHints":{"allow":["GET"]}}],"collection":[{"href":"https:\/\/plazajuarez.mx\/historico\/wp-json\/wp\/v2\/posts"}],"about":[{"href":"https:\/\/plazajuarez.mx\/historico\/wp-json\/wp\/v2\/types\/post"}],"author":[{"embeddable":true,"href":"https:\/\/plazajuarez.mx\/historico\/wp-json\/wp\/v2\/users\/93"}],"replies":[{"embeddable":true,"href":"https:\/\/plazajuarez.mx\/historico\/wp-json\/wp\/v2\/comments?post=128826"}],"version-history":[{"count":0,"href":"https:\/\/plazajuarez.mx\/historico\/wp-json\/wp\/v2\/posts\/128826\/revisions"}],"wp:attachment":[{"href":"https:\/\/plazajuarez.mx\/historico\/wp-json\/wp\/v2\/media?parent=128826"}],"wp:term":[{"taxonomy":"category","embeddable":true,"href":"https:\/\/plazajuarez.mx\/historico\/wp-json\/wp\/v2\/categories?post=128826"},{"taxonomy":"post_tag","embeddable":true,"href":"https:\/\/plazajuarez.mx\/historico\/wp-json\/wp\/v2\/tags?post=128826"}],"curies":[{"name":"wp","href":"https:\/\/api.w.org\/{rel}","templated":true}]}}