{"id":128616,"date":"2020-08-14T07:14:16","date_gmt":"2020-08-14T12:14:16","guid":{"rendered":"https:\/\/plazajuarez.mx\/?p=128616"},"modified":"2020-08-14T07:14:33","modified_gmt":"2020-08-14T12:14:33","slug":"retratos-hablados-981","status":"publish","type":"post","link":"https:\/\/plazajuarez.mx\/historico\/retratos-hablados-981\/","title":{"rendered":"RETRATOS HABLADOS"},"content":{"rendered":"\n<h1 class=\"wp-block-heading\"><strong>Ser\u00e9 curioso se\u00f1or candidato, \u00bfde qu\u00e9 se r\u00ede?<\/strong><\/h1>\n\n\n\n<ul class=\"wp-block-list\"><li><strong>\u00bfSer\u00eda capaz alguno de los aspirantes a alcaldes de recurrir a la vieja treta de las promesas?<\/strong><\/li><\/ul>\n\n\n\n<!--more-->\n\n\n\n<p>\u00bfCu\u00e1les son los temas centrales que podr\u00edan ser eje de las reflexiones que deben hacer cada uno de los candidatos a presidentes municipales en Hidalgo, durante el corto per\u00edodo de campa\u00f1a que descarta de arranque m\u00edtines, y se inclina por el di\u00e1logo casi personal de los que buscar\u00e1n el primer escal\u00f3n del poder con los que se supone votar\u00e1n por ellos?<\/p>\n\n\n\n<p>\u00bfQu\u00e9 podr\u00eda decirle un candidato de Morena, del PRI, del PAN y todos los dem\u00e1s institutos pol\u00edticos al ciudadano que hoy como nunca tiene tiempo para pensar su voto en el encierro que no se ve para cu\u00e1ndo habr\u00e1 de terminar?<\/p>\n\n\n\n<p>\u00bfSer\u00eda capaz alguno de los aspirantes a alcaldes de recurrir a la vieja treta de las promesas, de jurar que ser\u00e1 diferente a los que ya se van, de presentarse como la soluci\u00f3n para todo, cuando de sobra es claro para estas fechas que no&nbsp; hay recetas m\u00e1gicas para corregir el rumbo de territorio alguno?<\/p>\n\n\n\n<p>\u00bfEchar\u00eda mano del discurso en el que cebarse encima de los que ya huyen con las maletas en las manos, como \u00fanica estrategia para cubrir de antemano su ineptitud?<\/p>\n\n\n\n<p>\u00bfDescubrir\u00e1n cada uno de los futuros candidatos que est\u00e1n frente a un electorado desilusionado, triste a m\u00e1s no poder porque apostaron todo a una leyenda viviente que hoy mismo empieza parecerles muy similar, casi id\u00e9ntica a los que ya no desea ver ni en pintura?<\/p>\n\n\n\n<p>\u00bfLe contar\u00e1n al ciudadano que ahora s\u00ed viene lo bueno, que por qui\u00e9n sabe qu\u00e9 razones deben confiar en \u00e9l o ella, con todo y que con seguridad se trep\u00f3 a la candidatura por imposici\u00f3n de un mafioso en turno?<\/p>\n\n\n\n<p>\u00bfQu\u00e9 demonios puede decirle al eventual votante para hacerle creer que todav\u00eda es tiempo para que mediante el voto encuentre un remedio a su frustraci\u00f3n, a su amargura?<\/p>\n\n\n\n<p>\u00bfServir\u00e1 de algo que acuse a los que van a dejar la silla de la alcald\u00eda de corruptos, sinverg\u00fcenzas? \u00bfServir\u00e1 de algo organizar un linchamiento en las redes, en el internet, con golpeadores an\u00f3nimos y cobardes?<\/p>\n\n\n\n<p>\u00bfAlguien se acuerda de X\u00f3chitl G\u00e1lvez, una experta en discursos incendiarios que acusaban de todo a sus contrincantes, para, terminado el evento, recibir el pago de una diputaci\u00f3n o una senadur\u00eda, y todo igual, todo miserablemente igual en la vida de los que la escucharon?<\/p>\n\n\n\n<p>\u00bfHay tiempo para hacer pol\u00edtica cuando todo se ha convertido en un espect\u00e1culo denigrante y sin sentido?<\/p>\n\n\n\n<p>\u00bfDe qu\u00e9 le van a hablar a quienes pedir\u00e1n el voto, cuando todos se presentan como los que ya no son los que fueron, como los que dec\u00edan ser esperanza y hoy son la calca mal hecha de lo que tanto buscan enterrar?<\/p>\n\n\n\n<p>\u00bfDe qu\u00e9 van&nbsp; a hablar? \u00bfTienen algo qu\u00e9 decir a estas alturas todos ustedes, se\u00f1ores y se\u00f1oras candidatos de todos los partidos pol\u00edticos habidos y por haber, de las v\u00edas independientes falseadas y sin sentido?<\/p>\n\n\n\n<p><strong>Mil gracias, hasta ma\u00f1ana.<\/strong><\/p>\n\n\n\n<p><a href=\"mailto:jeperalta@plazajuarez.mx\/historico\/historico\">jeperalta@plazajuarez.mx\/historico\/historico<\/a><\/p>\n\n\n\n<p>@JavierEPeralta<\/p>\n","protected":false},"excerpt":{"rendered":"<p>Ser\u00e9 curioso se\u00f1or candidato, \u00bfde qu\u00e9 se r\u00ede? \u00bfSer\u00eda capaz alguno de los aspirantes a alcaldes de recurrir a la vieja treta de las promesas?<\/p>\n","protected":false},"author":10,"featured_media":0,"comment_status":"closed","ping_status":"open","sticky":false,"template":"","format":"standard","meta":{"footnotes":""},"categories":[49,42],"tags":[],"class_list":["post-128616","post","type-post","status-publish","format-standard","hentry","category-javier-peralta","category-nuestrapalabra"],"_links":{"self":[{"href":"https:\/\/plazajuarez.mx\/historico\/wp-json\/wp\/v2\/posts\/128616","targetHints":{"allow":["GET"]}}],"collection":[{"href":"https:\/\/plazajuarez.mx\/historico\/wp-json\/wp\/v2\/posts"}],"about":[{"href":"https:\/\/plazajuarez.mx\/historico\/wp-json\/wp\/v2\/types\/post"}],"author":[{"embeddable":true,"href":"https:\/\/plazajuarez.mx\/historico\/wp-json\/wp\/v2\/users\/10"}],"replies":[{"embeddable":true,"href":"https:\/\/plazajuarez.mx\/historico\/wp-json\/wp\/v2\/comments?post=128616"}],"version-history":[{"count":0,"href":"https:\/\/plazajuarez.mx\/historico\/wp-json\/wp\/v2\/posts\/128616\/revisions"}],"wp:attachment":[{"href":"https:\/\/plazajuarez.mx\/historico\/wp-json\/wp\/v2\/media?parent=128616"}],"wp:term":[{"taxonomy":"category","embeddable":true,"href":"https:\/\/plazajuarez.mx\/historico\/wp-json\/wp\/v2\/categories?post=128616"},{"taxonomy":"post_tag","embeddable":true,"href":"https:\/\/plazajuarez.mx\/historico\/wp-json\/wp\/v2\/tags?post=128616"}],"curies":[{"name":"wp","href":"https:\/\/api.w.org\/{rel}","templated":true}]}}