{"id":128505,"date":"2020-08-13T09:11:51","date_gmt":"2020-08-13T14:11:51","guid":{"rendered":"https:\/\/plazajuarez.mx\/?p=128505"},"modified":"2020-08-13T09:12:12","modified_gmt":"2020-08-13T14:12:12","slug":"alfil-negro-1896","status":"publish","type":"post","link":"https:\/\/plazajuarez.mx\/historico\/alfil-negro-1896\/","title":{"rendered":"ALFIL NEGRO"},"content":{"rendered":"\n<h2 class=\"wp-block-heading\"><strong>GOBERNANTES PARA LA PANDEMIA&nbsp;<\/strong><\/h2>\n\n\n\n<!--more-->\n\n\n\n<ul class=\"wp-block-list\"><li>\u201cPara la elecci\u00f3n de nuevos alcaldes, no podemos elegir a gente incompetente\u201d<\/li><\/ul>\n\n\n\n<p>La pandemia y sus destrozos, no s\u00f3lo en la salud sino tambi\u00e9n muy fuertes en la econom\u00eda, entendida \u00e9sta como afectaci\u00f3n en las empresa que son fuentes de trabajo, la p\u00e9rdida por\u00a0 lo mismo de empleos y la ca\u00edda fuerte de restaurantes, balnearios, hoteles, comercios grandes y peque\u00f1os, exigen un perfil muy claro de quienes aspiren a cargos de poder en este tiempo.<\/p>\n\n\n\n<p>Hacen falta gobernantes para la pandemia.<\/p>\n\n\n\n<p>Por lo mismo, para la elecci\u00f3n de nuevos alcaldes, no podemos elegir a gente incompetente para esos cargos en un escenario dif\u00edcil, que no debe ser para grillos, que buscan el poder para fortalecer en unos casos grupos de poder sin las cualidades que les den posibilidades en esta \u00e9poca, que por la pandemia no va a ser f\u00e1cil hacer buenos gobiernos.<\/p>\n\n\n\n<p>Hay que tener en cuenta, sobre todo, que sean personas honestas para empezar, que no tengan fama de oportunistas o trapecistas, que s\u00f3lo buscan el poder como oportunidad de espacios, donde crecer como poderosos y para hacer dinero, con el cuento del servicio a la gente.<\/p>\n\n\n\n<p>No cuesta mucho reconocerlos, porque son muy dados a brincar de un partido a otro en la medida que les permiten sus marruller\u00edas. Y as\u00ed, en una elecci\u00f3n son priistas o panistas, y en la otra ya tienen la camiseta de Morena, porque as\u00ed les conviene.<\/p>\n\n\n\n<p>H\u00e1biles en el disfraz, juegan con el uniforme que m\u00e1s les convenga, sin tener en cuenta principios, ni compromisos y dicen que eso es hacer pol\u00edtica, pero lo cierto es que con sentido com\u00fan se puede decir que eso es grilla, no pol\u00edtica en su sentido de tener por voluntad popular las mejores decisiones en favor de la sociedad.<\/p>\n\n\n\n<p>Para el escenario de la pandemia, har\u00e1n falta buenos pol\u00edticos, con capacidad suficiente para saber con bases decidir lo mejor en un tiempo en que no caben malas decisiones, por falta de conocimientos y experiencias, porque todo se pondr\u00eda peor.<\/p>\n\n\n\n<p>Por eso, el 18 de octubre mida bien su voto.<\/p>\n\n\n\n<p>Elija a quien tenga capacidad para enfrentar los retos que deje la pandemia, y sobra decirle,&nbsp; que un voto no razonado, es provocar que nos hundamos m\u00e1s.<\/p>\n\n\n\n<p>Ponga en la balanza un hecho muy claro: la pandemia, y vea c\u00f3mo enfrent\u00f3 cada partido este mal.<\/p>\n\n\n\n<p>No podemos equivocarnos, porque el panorama no se ve bien y requiere de gobernantes capaces y honestos. <strong>Usted decide.<\/strong><\/p>\n","protected":false},"excerpt":{"rendered":"<p>GOBERNANTES PARA LA PANDEMIA&nbsp;<\/p>\n","protected":false},"author":83,"featured_media":0,"comment_status":"closed","ping_status":"open","sticky":false,"template":"","format":"standard","meta":{"footnotes":""},"categories":[48,42],"tags":[],"class_list":["post-128505","post","type-post","status-publish","format-standard","hentry","category-adalberto-peralta","category-nuestrapalabra"],"_links":{"self":[{"href":"https:\/\/plazajuarez.mx\/historico\/wp-json\/wp\/v2\/posts\/128505","targetHints":{"allow":["GET"]}}],"collection":[{"href":"https:\/\/plazajuarez.mx\/historico\/wp-json\/wp\/v2\/posts"}],"about":[{"href":"https:\/\/plazajuarez.mx\/historico\/wp-json\/wp\/v2\/types\/post"}],"author":[{"embeddable":true,"href":"https:\/\/plazajuarez.mx\/historico\/wp-json\/wp\/v2\/users\/83"}],"replies":[{"embeddable":true,"href":"https:\/\/plazajuarez.mx\/historico\/wp-json\/wp\/v2\/comments?post=128505"}],"version-history":[{"count":0,"href":"https:\/\/plazajuarez.mx\/historico\/wp-json\/wp\/v2\/posts\/128505\/revisions"}],"wp:attachment":[{"href":"https:\/\/plazajuarez.mx\/historico\/wp-json\/wp\/v2\/media?parent=128505"}],"wp:term":[{"taxonomy":"category","embeddable":true,"href":"https:\/\/plazajuarez.mx\/historico\/wp-json\/wp\/v2\/categories?post=128505"},{"taxonomy":"post_tag","embeddable":true,"href":"https:\/\/plazajuarez.mx\/historico\/wp-json\/wp\/v2\/tags?post=128505"}],"curies":[{"name":"wp","href":"https:\/\/api.w.org\/{rel}","templated":true}]}}