{"id":128504,"date":"2020-08-13T09:11:08","date_gmt":"2020-08-13T14:11:08","guid":{"rendered":"https:\/\/plazajuarez.mx\/?p=128504"},"modified":"2020-08-13T09:11:20","modified_gmt":"2020-08-13T14:11:20","slug":"dese-por-enterado-755","status":"publish","type":"post","link":"https:\/\/plazajuarez.mx\/historico\/dese-por-enterado-755\/","title":{"rendered":"DESE POR ENTERADO"},"content":{"rendered":"\n<p><strong>TEMPORADA DE CIRCO.-<\/strong> Cuando hay elecciones o la popularidad de un hombre de poder va en picada, siempre se pone en escena una nueva obra tr\u00e1gico-c\u00f3mico-musical, en la que quien busca recuperar la voluntad del ciudadano y\/o ganar puestos de poder para cimentar a\u00fan m\u00e1s el propio, echa mano del siempre redituable argumento de la captura escandalosa y transmitida a todo color del \u201cCorrupto m\u00e1s corrupto en toda la historia de la humanidad\u201d. No hay pierde porque \u201cel respetable\u201d siempre est\u00e1 \u00e1vido de tomar venganza de qui\u00e9n sabe qu\u00e9, en contra de quien le pongan enfrente. As\u00ed que lo mejor es disfrutar el Circo de Cinco Pistas en que est\u00e1 convertida la naci\u00f3n, con todo y que se sabe que atr\u00e1s del tinglado siempre hay un inter\u00e9s superior: la obsesi\u00f3n de todo poderoso por eternizarse en el cargo. Disfrute mientras pueda.<\/p>\n\n\n\n<p>***<\/p>\n\n\n\n<p><strong>PACHUCA: BENJAM\u00cdN RICO Y JORGE CONDE.\u2013<\/strong> Se lo hab\u00edamos comentado hace unas semanas. El PRI va con dos personajes para recuperar la Presidencia Municipal de Pachuca: Benjam\u00edn Rico y Jorge Conde Rivemar. Lo que todav\u00eda, a estas alturas, muchos no atinan a presentar como algo definitivo, es el orden en que ir\u00e1n, es decir qui\u00e9n el aspirante propietario y qui\u00e9n el suplente. No, no es ninguna locura, ni producto del encierro por el Covid-19. Es algo que de pronto empez\u00f3 a circular que en un primer momento coloc\u00f3 a Benjam\u00edn Rico en calidad suplente y a Conde propietario, despu\u00e9s fue al rev\u00e9s y hoy mismo nadie atina a decir \u201cesta boca es m\u00eda\u201d. Muy pronto habr\u00e1 de definirse todo.<\/p>\n\n\n\n<p>***<\/p>\n\n\n\n<p><strong>GU, IMPRESENTABLE PARA ELECCIONES.-<\/strong> Con un c\u00famulo de cuentas bancarias bloqueadas por posible lavado de dinero, el Grupo Universidad no tendr\u00eda nada que hacer en los comicios municipales. Digo, esto en una mente cuerda, pero la mente de la pol\u00edtica no tiene nada de cuerda, y hoy por hoy pelean con singular voracidad perruna las nominaciones al interior de Morena, donde ya no saben si re\u00edr o llorar ante esta nueva embestida de los hijos del Santo Patrono. Y j\u00farelo que se van a quedar con varias candidaturas, entre ellas la del Pr\u00edncipe de los T\u00edteres que ya se siente alcalde de Tula por segunda ocasi\u00f3n, porque ya lo fue una vez cuando todav\u00eda era un ni\u00f1o de carne y hueso, hoy transformado en uno de madera que se maneja con hilos desde el b\u00fanker donde vive su Pap\u00e1 Gepetto.<\/p>\n\n\n\n<p>***<\/p>\n\n\n\n<p><strong>POR DECRETO TODO ES POSIBLE.-<\/strong> La ley ampara a todos para que cuenten con un empleo bien pagado y condiciones humanas en su desempe\u00f1o. Tambi\u00e9n, y en resumidas cuentas, para que usted sea feliz en este valle de l\u00e1grimas que es la vida. Si le busca encontrar\u00e1 que poseemos una legislaci\u00f3n que ha contemplado todo lo que se le pueda ocurrir. Ahora Morena repite en todo el pa\u00eds el asunto de prohibir con penas econ\u00f3micas fuertes a quien infrinja el mandato, la venta de productos con alto contenido de az\u00facar a los ni\u00f1os. Y resulta que quienes la llevan a los Congresos lo hacen como si fuera la gran iniciativa mundial y\/o el descubrimiento de la soluci\u00f3n a todos los males. An\u00f3telo porque en no pocos a\u00f1os de nuevo veremos que se convirti\u00f3 en letra muerta. Sobran leyes. Falta hacerlas efectivas.<\/p>\n\n\n\n<p>***<\/p>\n\n\n\n<p><strong><em>Aviso para que no digan: Esa columna se nutre de comentarios recabados en agencias del Recontra-Espionaje, muy similares a las que populariz\u00f3 el \u201cS\u00faper Agente 86\u201d en sus tiempos. Como tal, usted est\u00e1 en libertad de creer o no lo que lee, recontra-enojarse, recontra-carcajearse y hasta recontra-recordarnos a nuestra jefecita (nosotros recontra-hacemos lo propio). Avisado est\u00e1 usted.<\/em><\/strong><\/p>\n\n\n\n<p>Dudas y comentarios:<\/p>\n\n\n\n<p><a href=\"mailto:desexenterado@gmail.com\">desexenterado@gmail.com<\/a><\/p>\n\n\n\n<p>@desexenterado<\/p>\n","protected":false},"excerpt":{"rendered":"<p>TEMPORADA DE CIRCO.- Cuando hay elecciones o la popularidad de un hombre de poder va en picada, siempre se pone en escena una nueva obra tr\u00e1gico-c\u00f3mico-musical, en la que quien busca recuperar la voluntad del ciudadano y\/o ganar puestos de poder para cimentar a\u00fan m\u00e1s el propio, echa mano del siempre redituable argumento de la [&hellip;]<\/p>\n","protected":false},"author":93,"featured_media":0,"comment_status":"closed","ping_status":"open","sticky":false,"template":"","format":"standard","meta":{"footnotes":""},"categories":[83],"tags":[],"class_list":["post-128504","post","type-post","status-publish","format-standard","hentry","category-dese-por-enterado"],"_links":{"self":[{"href":"https:\/\/plazajuarez.mx\/historico\/wp-json\/wp\/v2\/posts\/128504","targetHints":{"allow":["GET"]}}],"collection":[{"href":"https:\/\/plazajuarez.mx\/historico\/wp-json\/wp\/v2\/posts"}],"about":[{"href":"https:\/\/plazajuarez.mx\/historico\/wp-json\/wp\/v2\/types\/post"}],"author":[{"embeddable":true,"href":"https:\/\/plazajuarez.mx\/historico\/wp-json\/wp\/v2\/users\/93"}],"replies":[{"embeddable":true,"href":"https:\/\/plazajuarez.mx\/historico\/wp-json\/wp\/v2\/comments?post=128504"}],"version-history":[{"count":0,"href":"https:\/\/plazajuarez.mx\/historico\/wp-json\/wp\/v2\/posts\/128504\/revisions"}],"wp:attachment":[{"href":"https:\/\/plazajuarez.mx\/historico\/wp-json\/wp\/v2\/media?parent=128504"}],"wp:term":[{"taxonomy":"category","embeddable":true,"href":"https:\/\/plazajuarez.mx\/historico\/wp-json\/wp\/v2\/categories?post=128504"},{"taxonomy":"post_tag","embeddable":true,"href":"https:\/\/plazajuarez.mx\/historico\/wp-json\/wp\/v2\/tags?post=128504"}],"curies":[{"name":"wp","href":"https:\/\/api.w.org\/{rel}","templated":true}]}}