{"id":128250,"date":"2020-08-11T10:32:58","date_gmt":"2020-08-11T15:32:58","guid":{"rendered":"https:\/\/plazajuarez.mx\/?p=128250"},"modified":"2020-08-11T10:33:11","modified_gmt":"2020-08-11T15:33:11","slug":"teme-pan-actuacion-partidista-en-el-senado-si-hay-modalidad-virtual","status":"publish","type":"post","link":"https:\/\/plazajuarez.mx\/historico\/teme-pan-actuacion-partidista-en-el-senado-si-hay-modalidad-virtual\/","title":{"rendered":"Teme PAN actuaci\u00f3n partidista en el Senado si hay modalidad virtual"},"content":{"rendered":"\n<p>La bancada del PAN en el Senado de la Rep\u00fablica expres\u00f3 sus reservas sobre las sesiones del Senado en su modalidad a distancia, por dudas sobre el manejo imparcial de los trabajos legislativos.<br><br>El senador Erandi Berm\u00fadez plante\u00f3 que el tema que preocupa a su Grupo Parlamentario es el mecanismo para decidir a qui\u00e9n le toca participar y la forma de conducir la votaci\u00f3n, temas en los que se requieren garant\u00edas de que habr\u00e1 una actuaci\u00f3n transparente, imparcial y &#8220;no sea sesgada&#8221;.<br><br>Record\u00f3 que actualmente en las sesiones presenciales es el presidente o presidenta de la Mesa Directiva quien concede el uso de la palabra y ha habido una actuaci\u00f3n partidista, no imparcial.<br><br>&#8220;Ustedes han sido testigos en algunas de las sesiones, cuando alg\u00fan legislador de oposici\u00f3n o de la propia bancada quiere solicitar la palabra y la presidenta (M\u00f3nica Fern\u00e1ndez) quiere acabar con el debate porque no atiende a los intereses de su grupo parlamentario, c\u00f3mo en muchas ocasiones lo ha cortado&#8221;, dijo en conferencia virtual.<br><br>&#8220;Eso nos preocupa mucho, que pueda ser de una manera todav\u00eda m\u00e1s unilateral de lo que ha pasado en las sesiones presenciales&#8221;, advirti\u00f3.<br><br>El legislador reconoci\u00f3 que la propuesta de reformas para legislar a distancia a\u00fan est\u00e1 en proyecto, y no hay decisiones tomadas.<br><br>De no aprobarse reformas antes del 1 de septiembre en que inicia el periodo ordinario de sesiones, ambas c\u00e1maras del Congreso, la de Diputados y la de Senadores deber\u00e1n sesionar dos veces por semana durante casi cuatro meses, hasta diciembre.<\/p>\n","protected":false},"excerpt":{"rendered":"<p>La bancada del PAN en el Senado de la Rep\u00fablica expres\u00f3 sus reservas sobre las sesiones del Senado en su modalidad a distancia, por dudas sobre el manejo imparcial de los trabajos legislativos. El senador Erandi Berm\u00fadez plante\u00f3 que el tema que preocupa a su Grupo Parlamentario es el mecanismo para decidir a qui\u00e9n le [&hellip;]<\/p>\n","protected":false},"author":81,"featured_media":0,"comment_status":"closed","ping_status":"open","sticky":false,"template":"","format":"standard","meta":{"footnotes":""},"categories":[63],"tags":[],"class_list":["post-128250","post","type-post","status-publish","format-standard","hentry","category-las-camaras"],"_links":{"self":[{"href":"https:\/\/plazajuarez.mx\/historico\/wp-json\/wp\/v2\/posts\/128250","targetHints":{"allow":["GET"]}}],"collection":[{"href":"https:\/\/plazajuarez.mx\/historico\/wp-json\/wp\/v2\/posts"}],"about":[{"href":"https:\/\/plazajuarez.mx\/historico\/wp-json\/wp\/v2\/types\/post"}],"author":[{"embeddable":true,"href":"https:\/\/plazajuarez.mx\/historico\/wp-json\/wp\/v2\/users\/81"}],"replies":[{"embeddable":true,"href":"https:\/\/plazajuarez.mx\/historico\/wp-json\/wp\/v2\/comments?post=128250"}],"version-history":[{"count":0,"href":"https:\/\/plazajuarez.mx\/historico\/wp-json\/wp\/v2\/posts\/128250\/revisions"}],"wp:attachment":[{"href":"https:\/\/plazajuarez.mx\/historico\/wp-json\/wp\/v2\/media?parent=128250"}],"wp:term":[{"taxonomy":"category","embeddable":true,"href":"https:\/\/plazajuarez.mx\/historico\/wp-json\/wp\/v2\/categories?post=128250"},{"taxonomy":"post_tag","embeddable":true,"href":"https:\/\/plazajuarez.mx\/historico\/wp-json\/wp\/v2\/tags?post=128250"}],"curies":[{"name":"wp","href":"https:\/\/api.w.org\/{rel}","templated":true}]}}