{"id":128102,"date":"2020-08-10T14:14:26","date_gmt":"2020-08-10T19:14:26","guid":{"rendered":"https:\/\/plazajuarez.mx\/?p=128102"},"modified":"2020-08-10T14:14:44","modified_gmt":"2020-08-10T19:14:44","slug":"jefa-de-gobierno-de-la-ciudad-de-mexico-se-aisla-por-sospecha-de-covid-19","status":"publish","type":"post","link":"https:\/\/plazajuarez.mx\/historico\/jefa-de-gobierno-de-la-ciudad-de-mexico-se-aisla-por-sospecha-de-covid-19\/","title":{"rendered":"Jefa de Gobierno de la Ciudad de M\u00e9xico se a\u00edsla por sospecha de COVID-19"},"content":{"rendered":"\n<ul class=\"wp-block-list\"><li><strong>La mandataria encabez\u00f3 la rueda de prensa diaria desde su casa, en la que precis\u00f3 que se har\u00e1 la prueba a partir del pr\u00f3ximo jueves.<\/strong><\/li><\/ul>\n\n\n\n<!--more-->\n\n\n\n<p>La jefa de Gobierno de Ciudad de M\u00e9xico, Claudia Sheinbaum, inform\u00f3 este lunes que se aislar\u00e1 tras haber tenido contacto con su secretario de Gobierno, Jos\u00e9 Alfonso Su\u00e1rez, quien este mismo d\u00eda anunci\u00f3 que result\u00f3 positivo a COVID-19.<\/p>\n\n\n\n<p>&#8220;Estuve con \u00e9l el domingo. De acuerdo con protocolo me quedar\u00e9 en casa los pr\u00f3ximos d\u00edas hasta volver a aplicarme la prueba. Estoy en perfectas condiciones y atendiendo todo a distancia&#8221;, tuite\u00f3 Sheinbaum, del gobernante Movimiento de Regeneraci\u00f3n Nacional (Morena, izquierda).<\/p>\n\n\n\n<p>De confirmarse el contagio, Sheinbaum ser\u00eda la octava mandataria estatal de M\u00e9xico en contraer la enfermedad de un total de 32.<\/p>\n\n\n\n<p>Antes de ella, han dado positivo los gobernadores de Durango, Quintana Roo, Tamaulipas, Hidalgo, Tabasco, Quer\u00e9taro y Guerrero.<\/p>\n\n\n\n<p>Tras m\u00e1s de cinco meses de pandemia, M\u00e9xico acumula m\u00e1s de 52.000 muertos y 480.000 casos por la enfermedad, con la mayor\u00eda en la zona metropolitana que conforman Ciudad de M\u00e9xico y el Estado de M\u00e9xico.<\/p>\n\n\n\n<p>Su\u00e1rez lleva apenas dos semanas como secretario de Gobierno de Ciudad de M\u00e9xico, cargo que antes desempe\u00f1aba Rosa Icela Rodr\u00edguez, ahora coordinadora general de Puertos y Marina Mercante del Gobierno federal.<\/p>\n\n\n\n<p>&#8220;Me siento bien y he avisado a todas las personas con las que tuve contacto para que tomen precauciones. Sigo al frente de todas mis funciones desde casa&#8221;, afirm\u00f3 el funcionario.<\/p>\n\n\n\n<p>Ciudad de M\u00e9xico, con m\u00e1s de 9 millones de habitantes, concentra casi una sexta parte de los contagios y fallecidos de COVID-19 a nivel nacional, con 80.383 casos y 9.407 decesos confirmados.<\/p>\n\n\n\n<p>Aun as\u00ed, el Gobierno capitalino mantiene en naranja el sem\u00e1foro de riesgo epidemiol\u00f3gico, lo que indica un nivel &#8220;alto&#8221; de riesgo frente al rojo, que significa m\u00e1ximo peligro.<\/p>\n\n\n\n<p>Esta semana, se esperan los protocolos para la reapertura gradual de piscinas, cines, museos y la autorizaci\u00f3n para que bares y discotecas operen como restaurantes.<\/p>\n\n\n\n<p>La mandataria encabez\u00f3 la rueda de prensa diaria desde su casa, en la que precis\u00f3 que se har\u00e1 la prueba a partir del pr\u00f3ximo jueves.<\/p>\n\n\n\n<p>&#8220;Pero como dice el protocolo nos vamos a quedar para no contagiar a nadie&#8221;, manifest\u00f3.<\/p>\n","protected":false},"excerpt":{"rendered":"<p>La mandataria encabez\u00f3 la rueda de prensa diaria desde su casa, en la que precis\u00f3 que se har\u00e1 la prueba a partir del pr\u00f3ximo jueves.<\/p>\n","protected":false},"author":80,"featured_media":0,"comment_status":"closed","ping_status":"open","sticky":false,"template":"","format":"standard","meta":{"footnotes":""},"categories":[15,36],"tags":[],"class_list":["post-128102","post","type-post","status-publish","format-standard","hentry","category-destacadas","category-nacion"],"_links":{"self":[{"href":"https:\/\/plazajuarez.mx\/historico\/wp-json\/wp\/v2\/posts\/128102","targetHints":{"allow":["GET"]}}],"collection":[{"href":"https:\/\/plazajuarez.mx\/historico\/wp-json\/wp\/v2\/posts"}],"about":[{"href":"https:\/\/plazajuarez.mx\/historico\/wp-json\/wp\/v2\/types\/post"}],"author":[{"embeddable":true,"href":"https:\/\/plazajuarez.mx\/historico\/wp-json\/wp\/v2\/users\/80"}],"replies":[{"embeddable":true,"href":"https:\/\/plazajuarez.mx\/historico\/wp-json\/wp\/v2\/comments?post=128102"}],"version-history":[{"count":0,"href":"https:\/\/plazajuarez.mx\/historico\/wp-json\/wp\/v2\/posts\/128102\/revisions"}],"wp:attachment":[{"href":"https:\/\/plazajuarez.mx\/historico\/wp-json\/wp\/v2\/media?parent=128102"}],"wp:term":[{"taxonomy":"category","embeddable":true,"href":"https:\/\/plazajuarez.mx\/historico\/wp-json\/wp\/v2\/categories?post=128102"},{"taxonomy":"post_tag","embeddable":true,"href":"https:\/\/plazajuarez.mx\/historico\/wp-json\/wp\/v2\/tags?post=128102"}],"curies":[{"name":"wp","href":"https:\/\/api.w.org\/{rel}","templated":true}]}}