{"id":128099,"date":"2020-08-10T13:47:38","date_gmt":"2020-08-10T18:47:38","guid":{"rendered":"https:\/\/plazajuarez.mx\/?p=128099"},"modified":"2020-08-10T13:47:54","modified_gmt":"2020-08-10T18:47:54","slug":"renuncia-en-pleno-el-gobierno-del-libano-tras-la-explosion","status":"publish","type":"post","link":"https:\/\/plazajuarez.mx\/historico\/renuncia-en-pleno-el-gobierno-del-libano-tras-la-explosion\/","title":{"rendered":"Renuncia en pleno el Gobierno del L\u00edbano tras la explosi\u00f3n"},"content":{"rendered":"\n<ul class=\"wp-block-list\"><li><strong>La renuncia ocurre seis d\u00edas despu\u00e9s de la explosi\u00f3n en el puerto de Beirut que ha causado al menos 160 muertos y m\u00e1s de 6.000 heridos.<\/strong><\/li><\/ul>\n\n\n\n<!--more-->\n\n\n\n<p>El primer ministro del L\u00edbano, Hasan Diab, anunci\u00f3 hoy la renuncia del Gobierno seis d\u00edas despu\u00e9s de la explosi\u00f3n en el puerto de Beirut que ha causado al menos 160 muertos y m\u00e1s de 6.000 heridos.<\/p>\n\n\n\n<p>&#8220;Anuncio hoy la renuncia de este Gobierno&#8221;, indic\u00f3 Diab en un mensaje a la naci\u00f3n televisado en el que habl\u00f3 de la lucha contra los corruptos y la necesidad de tener un Ejecutivo de salvaci\u00f3n nacional.<\/p>\n\n\n\n<p>&#8220;Los sistemas de corrupci\u00f3n son m\u00e1s grandes que el Estado&#8221; en el L\u00edbano, afirm\u00f3 Diab, cuyo Gabinete fue formado en diciembre de 2019, en respuesta a la ola de protestas que estall\u00f3 en el pa\u00eds en octubre en contra del sistema de gobierno corrupto y sectario.<\/p>\n\n\n\n<p>&#8220;Algunos no han le\u00eddo bien la revoluci\u00f3n de los libaneses del 17 (de octubre), era contra ellos pero no lo entendieron&#8221;, agreg\u00f3.<\/p>\n\n\n\n<p>Asimismo, responsabiliz\u00f3 de la cat\u00e1strofe a la &#8220;clase pol\u00edtica&#8221; que &#8220;lucha con todos los medios sucios&#8221;, sin referirse a ning\u00fan partido o dirigente en concreto.<\/p>\n\n\n\n<p>El primer ministro dimisionario asegur\u00f3 que su Gobierno calificado de tecn\u00f3crata hizo &#8220;todo lo que pudo para salvar el pa\u00eds&#8221; pero que hay una &#8220;gran barrera&#8221; frente al cambio.<\/p>\n\n\n\n<p>&#8220;Deber\u00edan tener verg\u00fcenza de s\u00ed mismos porque su corrupci\u00f3n dura siete a\u00f1os&#8221;, afirm\u00f3, agregando que la cat\u00e1strofe del puerto de fragu\u00f3 desde entonces.<\/p>\n\n\n\n<p>La explosi\u00f3n fue causada por casi 3.000 toneladas de nitrato de amonio que estaban almacenadas en el puerto desde 2014 sin las debidas precauciones, tal y como admiti\u00f3 Diab el d\u00eda del incidente.<\/p>\n\n\n\n<p>A\u00fan se desconoce qu\u00e9 provoc\u00f3 el estallido del cargamento, pero varios responsables de su almacenamiento est\u00e1n siendo investigados.<\/p>\n","protected":false},"excerpt":{"rendered":"<p>La renuncia ocurre seis d\u00edas despu\u00e9s de la explosi\u00f3n en el puerto de Beirut que ha causado al menos 160 muertos y m\u00e1s de 6.000 heridos.<\/p>\n","protected":false},"author":80,"featured_media":0,"comment_status":"closed","ping_status":"open","sticky":false,"template":"","format":"standard","meta":{"footnotes":""},"categories":[15,31],"tags":[],"class_list":["post-128099","post","type-post","status-publish","format-standard","hentry","category-destacadas","category-orbe"],"_links":{"self":[{"href":"https:\/\/plazajuarez.mx\/historico\/wp-json\/wp\/v2\/posts\/128099","targetHints":{"allow":["GET"]}}],"collection":[{"href":"https:\/\/plazajuarez.mx\/historico\/wp-json\/wp\/v2\/posts"}],"about":[{"href":"https:\/\/plazajuarez.mx\/historico\/wp-json\/wp\/v2\/types\/post"}],"author":[{"embeddable":true,"href":"https:\/\/plazajuarez.mx\/historico\/wp-json\/wp\/v2\/users\/80"}],"replies":[{"embeddable":true,"href":"https:\/\/plazajuarez.mx\/historico\/wp-json\/wp\/v2\/comments?post=128099"}],"version-history":[{"count":0,"href":"https:\/\/plazajuarez.mx\/historico\/wp-json\/wp\/v2\/posts\/128099\/revisions"}],"wp:attachment":[{"href":"https:\/\/plazajuarez.mx\/historico\/wp-json\/wp\/v2\/media?parent=128099"}],"wp:term":[{"taxonomy":"category","embeddable":true,"href":"https:\/\/plazajuarez.mx\/historico\/wp-json\/wp\/v2\/categories?post=128099"},{"taxonomy":"post_tag","embeddable":true,"href":"https:\/\/plazajuarez.mx\/historico\/wp-json\/wp\/v2\/tags?post=128099"}],"curies":[{"name":"wp","href":"https:\/\/api.w.org\/{rel}","templated":true}]}}