{"id":128073,"date":"2020-08-10T09:32:32","date_gmt":"2020-08-10T14:32:32","guid":{"rendered":"https:\/\/plazajuarez.mx\/?p=128073"},"modified":"2020-08-10T09:32:41","modified_gmt":"2020-08-10T14:32:41","slug":"inicia-operacion-la-unidad-basica-de-rehabilitacion","status":"publish","type":"post","link":"https:\/\/plazajuarez.mx\/historico\/inicia-operacion-la-unidad-basica-de-rehabilitacion\/","title":{"rendered":"Inicia operaci\u00f3n la Unidad B\u00e1sica de Rehabilitaci\u00f3n"},"content":{"rendered":"\n<ul class=\"wp-block-list\"><li><strong>El espacio ofrece servicios de terapia y atenci\u00f3n psicol\u00f3gica por una cuota de recuperaci\u00f3n de 50 pesos<\/strong><\/li><\/ul>\n\n\n\n<!--more Leer Mas-->\n\n\n\n<p>El gobierno municipal de Cuautepec inform\u00f3 que desde la semana pasada, se iniciaron operaciones en la Unidad B\u00e1sica de Rehabilitaci\u00f3n de Cuautepec, primera en el municipio, que se ubica en la comunidad de Texcaltepec, a un costado del lugar conocido como \u201cLas Casitas\u201d.&nbsp;<\/p>\n\n\n\n<p>Al respecto, la presidenta Hayde\u00e9 Garc\u00eda Acosta, detall\u00f3 que el espacio ofrece servicios de terapia ocupacional, estimulaci\u00f3n m\u00faltiple temprana, terapia f\u00edsica y de lenguaje y atenci\u00f3n psicol\u00f3gica por una cuota de recuperaci\u00f3n de 50 pesos, con lo que se ver\u00e1n beneficiadas las familias del municipio.&nbsp;<\/p>\n\n\n\n<p>\u201cGracias a esta construcci\u00f3n los cuautepequenses contar\u00e1n con instalaciones dignas y atenci\u00f3n de calidad a su alcance\u201d, puntualiz\u00f3 la alcaldesa.&nbsp;<\/p>\n\n\n\n<p>El horario de atenci\u00f3n al p\u00fablico es de nueve&nbsp; a 15 horas, de lunes a viernes y es necesario concertar una cita previa al 775 760 83 06.<\/p>\n\n\n\n<p>Finalmente, la presidenta municipal agradeci\u00f3 el apoyo y acompa\u00f1amiento del Sistema DIF estatal, que se sumar\u00e1 a esta iniciativa a trav\u00e9s de la donaci\u00f3n de mobiliario y capacitaciones para el personal de la nueva UBR.<\/p>\n","protected":false},"excerpt":{"rendered":"<p>El espacio ofrece servicios de terapia y atenci\u00f3n psicol\u00f3gica por una cuota de recuperaci\u00f3n de 50 pesos<\/p>\n","protected":false},"author":70,"featured_media":0,"comment_status":"closed","ping_status":"open","sticky":false,"template":"","format":"standard","meta":{"footnotes":""},"categories":[40],"tags":[],"class_list":["post-128073","post","type-post","status-publish","format-standard","hentry","category-region"],"_links":{"self":[{"href":"https:\/\/plazajuarez.mx\/historico\/wp-json\/wp\/v2\/posts\/128073","targetHints":{"allow":["GET"]}}],"collection":[{"href":"https:\/\/plazajuarez.mx\/historico\/wp-json\/wp\/v2\/posts"}],"about":[{"href":"https:\/\/plazajuarez.mx\/historico\/wp-json\/wp\/v2\/types\/post"}],"author":[{"embeddable":true,"href":"https:\/\/plazajuarez.mx\/historico\/wp-json\/wp\/v2\/users\/70"}],"replies":[{"embeddable":true,"href":"https:\/\/plazajuarez.mx\/historico\/wp-json\/wp\/v2\/comments?post=128073"}],"version-history":[{"count":0,"href":"https:\/\/plazajuarez.mx\/historico\/wp-json\/wp\/v2\/posts\/128073\/revisions"}],"wp:attachment":[{"href":"https:\/\/plazajuarez.mx\/historico\/wp-json\/wp\/v2\/media?parent=128073"}],"wp:term":[{"taxonomy":"category","embeddable":true,"href":"https:\/\/plazajuarez.mx\/historico\/wp-json\/wp\/v2\/categories?post=128073"},{"taxonomy":"post_tag","embeddable":true,"href":"https:\/\/plazajuarez.mx\/historico\/wp-json\/wp\/v2\/tags?post=128073"}],"curies":[{"name":"wp","href":"https:\/\/api.w.org\/{rel}","templated":true}]}}