{"id":128072,"date":"2020-08-10T09:31:18","date_gmt":"2020-08-10T14:31:18","guid":{"rendered":"https:\/\/plazajuarez.mx\/?p=128072"},"modified":"2020-08-10T09:31:31","modified_gmt":"2020-08-10T14:31:31","slug":"avanzan-en-propuestas-de-integracion-de-concejos-municipales","status":"publish","type":"post","link":"https:\/\/plazajuarez.mx\/historico\/avanzan-en-propuestas-de-integracion-de-concejos-municipales\/","title":{"rendered":"Avanzan en propuestas de integraci\u00f3n de Concejos Municipales"},"content":{"rendered":"\n<ul class=\"wp-block-list\"><li><strong>Han organizado reuniones para perfilar a sus favoritos\u00a0<\/strong><\/li><\/ul>\n\n\n\n<!--more-->\n\n\n\n<p>Partidos pol\u00edticos, avanzan en sus propuestas para la integraci\u00f3n de los Concejos Municipales, tan solo en Actopan, unas 35 personas han manifestado su inter\u00e9s por formar parte de estos gobiernos de tres meses y medio.\u00a0<\/p>\n\n\n\n<p>En otros municipios, los partidos pol\u00edticos tambi\u00e9n han organizado reuniones para enviar sus propuestas de ciudadanos que pudieran formar parte de estos Concejos, quienes estar\u00e1n al frente de los municipios en tanto concluyen las elecciones.&nbsp;<\/p>\n\n\n\n<p>Es el caso de Ixmiquilpan, donde tambi\u00e9n se ha exhortado al Congreso para que sean analizados los perfiles que formar\u00e1n parte de estos cuerpos colegiados. En el caso de este municipio, se esperan las reglas del Congreso.&nbsp;<\/p>\n\n\n\n<p>Ser\u00e1n los legisladores que en los siguientes d\u00edas definan en cada uno de los 84 municipios quienes conformar\u00e1n estos Concejos, los cuales estar\u00e1n funcionando durante tres meses y medio, pues el 15 de diciembre, los nuevos alcaldes estar\u00e1n tomando protesta.&nbsp;<\/p>\n","protected":false},"excerpt":{"rendered":"<p>Han organizado reuniones para perfilar a sus favoritos\u00a0<\/p>\n","protected":false},"author":75,"featured_media":0,"comment_status":"closed","ping_status":"open","sticky":false,"template":"","format":"standard","meta":{"footnotes":""},"categories":[40],"tags":[],"class_list":["post-128072","post","type-post","status-publish","format-standard","hentry","category-region"],"_links":{"self":[{"href":"https:\/\/plazajuarez.mx\/historico\/wp-json\/wp\/v2\/posts\/128072","targetHints":{"allow":["GET"]}}],"collection":[{"href":"https:\/\/plazajuarez.mx\/historico\/wp-json\/wp\/v2\/posts"}],"about":[{"href":"https:\/\/plazajuarez.mx\/historico\/wp-json\/wp\/v2\/types\/post"}],"author":[{"embeddable":true,"href":"https:\/\/plazajuarez.mx\/historico\/wp-json\/wp\/v2\/users\/75"}],"replies":[{"embeddable":true,"href":"https:\/\/plazajuarez.mx\/historico\/wp-json\/wp\/v2\/comments?post=128072"}],"version-history":[{"count":0,"href":"https:\/\/plazajuarez.mx\/historico\/wp-json\/wp\/v2\/posts\/128072\/revisions"}],"wp:attachment":[{"href":"https:\/\/plazajuarez.mx\/historico\/wp-json\/wp\/v2\/media?parent=128072"}],"wp:term":[{"taxonomy":"category","embeddable":true,"href":"https:\/\/plazajuarez.mx\/historico\/wp-json\/wp\/v2\/categories?post=128072"},{"taxonomy":"post_tag","embeddable":true,"href":"https:\/\/plazajuarez.mx\/historico\/wp-json\/wp\/v2\/tags?post=128072"}],"curies":[{"name":"wp","href":"https:\/\/api.w.org\/{rel}","templated":true}]}}