{"id":128064,"date":"2020-08-10T09:16:41","date_gmt":"2020-08-10T14:16:41","guid":{"rendered":"https:\/\/plazajuarez.mx\/?p=128064"},"modified":"2020-08-10T09:16:56","modified_gmt":"2020-08-10T14:16:56","slug":"por-falta-de-recursos-no-se-pudo-atender-a-todos","status":"publish","type":"post","link":"https:\/\/plazajuarez.mx\/historico\/por-falta-de-recursos-no-se-pudo-atender-a-todos\/","title":{"rendered":"\u201cPor falta de recursos no se pudo atender a todos\u201d"},"content":{"rendered":"\n<ul class=\"wp-block-list\"><li><strong>Reconoce presidenta del DIF municipal que dejar\u00e1 algunos pendientes\u00a0<\/strong><\/li><\/ul>\n\n\n\n<!--more-->\n\n\n\n<p><strong>TULA DE ALLENDE\u00a0<\/strong>.- \u201cHa sido un privilegio servir a los tulenses a trav\u00e9s de una de las instituciones m\u00e1s nobles\u201d, expres\u00f3 la presidenta y directora del Sistema DIF Municipal en Tula de Allende, Liliana Rosal\u00eda Aguirre Mej\u00eda, quien en unos d\u00edas dejar\u00e1 la responsabilidad, aunque en el caso de que pudiera ser invitada a colaborar por quienes conformen el Concejo Municipal, dijo que si es para seguir contribuyendo con el bienestar de las familias tulenses, s\u00ed se sumar\u00eda a seguir trabajando.<\/p>\n\n\n\n<p>\u201cEl DIF es una de las \u00e1reas m\u00e1s importantes y m\u00e1s sensibles de cualquier gobierno, pero tambi\u00e9n la m\u00e1s bonita, porque se conoce a mucha gente, principalmente ni\u00f1os y adultos mayores, de quienes me llev\u00f3 un gran aprendizaje\u201d, expres\u00f3 Aguirre Mej\u00eda.<\/p>\n\n\n\n<p>La presidenta del DIF reconoci\u00f3 que siempre habr\u00e1 mucho por hacer en un gobierno y que muchas veces ante la falta de recursos no se puede dar respuesta a todos, pero que en la medida de lo posible siempre trat\u00f3 de atender todas y cada una de las demandas.<\/p>\n\n\n\n<p>Dijo que lamentablemente estos \u00faltimos meses donde ten\u00edan planeadas diversas actividades por la pandemia de COVID-19 no se pudieron realizar, pero se estuvo al pendiente de los grupos vulnerables.<\/p>\n\n\n\n<p>De igual forma, coment\u00f3 que uno de los temas en los que actualmente trabajan es en la capacitaci\u00f3n para el inicio de clases el pr\u00f3ximo 24 de agosto en los Centros de Atenci\u00f3n Integral Comunitarios (CAIC), toda vez que las labores deber\u00e1n efectuarse a distancia dando cumplimiento a la nueva normalidad.<\/p>\n\n\n\n<p>Liliana Aguirre reconoci\u00f3 que quedar\u00e1n algunos pendientes, pero que en los cuatro a\u00f1os que estuvo al frente del DIF se realizaron varias obras y acciones en favor de los sectores m\u00e1s vulnerables con el apoyo de asociaciones y se logr\u00f3 tener un Pamar para el occidente del municipio para atenci\u00f3n a ni\u00f1os y j\u00f3venes.<\/p>\n\n\n\n<p>A menos de un mes de concluir la administraci\u00f3n que encabeza el alcalde Ismael Gadoth Tapia, Aguirre Mej\u00eda se\u00f1al\u00f3 que comienzan los sentimientos encontrados, al haberse encari\u00f1ado con las actividades y con la gente, aunque tambi\u00e9n le causa tristeza los temas de violencia hacia las mujeres y los ni\u00f1os y el abandono de los adultos mayores.<\/p>\n","protected":false},"excerpt":{"rendered":"<p>Reconoce presidenta del DIF municipal que dejar\u00e1 algunos pendientes\u00a0<\/p>\n","protected":false},"author":71,"featured_media":0,"comment_status":"closed","ping_status":"open","sticky":false,"template":"","format":"standard","meta":{"footnotes":""},"categories":[40],"tags":[],"class_list":["post-128064","post","type-post","status-publish","format-standard","hentry","category-region"],"_links":{"self":[{"href":"https:\/\/plazajuarez.mx\/historico\/wp-json\/wp\/v2\/posts\/128064","targetHints":{"allow":["GET"]}}],"collection":[{"href":"https:\/\/plazajuarez.mx\/historico\/wp-json\/wp\/v2\/posts"}],"about":[{"href":"https:\/\/plazajuarez.mx\/historico\/wp-json\/wp\/v2\/types\/post"}],"author":[{"embeddable":true,"href":"https:\/\/plazajuarez.mx\/historico\/wp-json\/wp\/v2\/users\/71"}],"replies":[{"embeddable":true,"href":"https:\/\/plazajuarez.mx\/historico\/wp-json\/wp\/v2\/comments?post=128064"}],"version-history":[{"count":0,"href":"https:\/\/plazajuarez.mx\/historico\/wp-json\/wp\/v2\/posts\/128064\/revisions"}],"wp:attachment":[{"href":"https:\/\/plazajuarez.mx\/historico\/wp-json\/wp\/v2\/media?parent=128064"}],"wp:term":[{"taxonomy":"category","embeddable":true,"href":"https:\/\/plazajuarez.mx\/historico\/wp-json\/wp\/v2\/categories?post=128064"},{"taxonomy":"post_tag","embeddable":true,"href":"https:\/\/plazajuarez.mx\/historico\/wp-json\/wp\/v2\/tags?post=128064"}],"curies":[{"name":"wp","href":"https:\/\/api.w.org\/{rel}","templated":true}]}}