{"id":128053,"date":"2020-08-10T09:14:09","date_gmt":"2020-08-10T14:14:09","guid":{"rendered":"https:\/\/plazajuarez.mx\/?p=128053"},"modified":"2020-08-10T09:14:23","modified_gmt":"2020-08-10T14:14:23","slug":"twitter-explora-una-posible-compra-de-tiktok","status":"publish","type":"post","link":"https:\/\/plazajuarez.mx\/historico\/twitter-explora-una-posible-compra-de-tiktok\/","title":{"rendered":"Twitter explora una posible compra de TikTok"},"content":{"rendered":"\n<ul class=\"wp-block-list\"><li><strong>Twitter ha mantenido conversaciones preliminares con la red social china TikTok para hacerse con su negocio en Estados Unidos, seg\u00fan el diario The Wall Street Journal.<\/strong><\/li><\/ul>\n\n\n\n<!--more-->\n\n\n\n<p>El peri\u00f3dico, que cita a personas conocedoras del asunto, apunta que por ahora no est\u00e1 claro si Twitter tratar\u00e1 de seguir adelante con una posible adquisici\u00f3n, en la que a priori ir\u00eda por detr\u00e1s de Microsoft, que lleva semanas negociando con ByteDance, el desarrollador de TikTok.<\/p>\n\n\n\n<p>El futuro de la popular aplicaci\u00f3n est\u00e1 en el aire en Estados Unidos, despu\u00e9s de que esta semana el presidente, Donald Trump, firmara una orden ejecutiva con la que proh\u00edbe cualquier transacci\u00f3n o negocio con ByteDance a partir de 45 d\u00edas.<\/p>\n\n\n\n<p>&#8220;Estados Unidos debe tomar acciones agresivas en contra de los propietarios de TikTok para proteger nuestra seguridad nacional&#8221;, afirm\u00f3.&nbsp;<\/p>\n","protected":false},"excerpt":{"rendered":"<p>Twitter ha mantenido conversaciones preliminares con la red social china TikTok para hacerse con su negocio en Estados Unidos, seg\u00fan el diario The Wall Street Journal.<\/p>\n","protected":false},"author":80,"featured_media":0,"comment_status":"closed","ping_status":"open","sticky":false,"template":"","format":"standard","meta":{"footnotes":""},"categories":[38],"tags":[],"class_list":["post-128053","post","type-post","status-publish","format-standard","hentry","category-show"],"_links":{"self":[{"href":"https:\/\/plazajuarez.mx\/historico\/wp-json\/wp\/v2\/posts\/128053","targetHints":{"allow":["GET"]}}],"collection":[{"href":"https:\/\/plazajuarez.mx\/historico\/wp-json\/wp\/v2\/posts"}],"about":[{"href":"https:\/\/plazajuarez.mx\/historico\/wp-json\/wp\/v2\/types\/post"}],"author":[{"embeddable":true,"href":"https:\/\/plazajuarez.mx\/historico\/wp-json\/wp\/v2\/users\/80"}],"replies":[{"embeddable":true,"href":"https:\/\/plazajuarez.mx\/historico\/wp-json\/wp\/v2\/comments?post=128053"}],"version-history":[{"count":0,"href":"https:\/\/plazajuarez.mx\/historico\/wp-json\/wp\/v2\/posts\/128053\/revisions"}],"wp:attachment":[{"href":"https:\/\/plazajuarez.mx\/historico\/wp-json\/wp\/v2\/media?parent=128053"}],"wp:term":[{"taxonomy":"category","embeddable":true,"href":"https:\/\/plazajuarez.mx\/historico\/wp-json\/wp\/v2\/categories?post=128053"},{"taxonomy":"post_tag","embeddable":true,"href":"https:\/\/plazajuarez.mx\/historico\/wp-json\/wp\/v2\/tags?post=128053"}],"curies":[{"name":"wp","href":"https:\/\/api.w.org\/{rel}","templated":true}]}}