{"id":128044,"date":"2020-08-10T09:13:11","date_gmt":"2020-08-10T14:13:11","guid":{"rendered":"https:\/\/plazajuarez.mx\/?p=128044"},"modified":"2020-08-10T09:13:24","modified_gmt":"2020-08-10T14:13:24","slug":"pulso-del-mezquital-47","status":"publish","type":"post","link":"https:\/\/plazajuarez.mx\/historico\/pulso-del-mezquital-47\/","title":{"rendered":"PULSO DEL MEZQUITAL"},"content":{"rendered":"\n<h2 class=\"wp-block-heading\"><strong>\u00a1Huele a peligro!<\/strong><\/h2>\n\n\n\n<!--more-->\n\n\n\n<p>Dios a veces act\u00faa de maneras muy misteriosas, d\u00e1ndoles sus peores batallas a sus mejores hombres. El oficio de la pol\u00edtica, es igual al de un deportista, un artista, un zapatero, un carpintero, parte de la vocaci\u00f3n y del entendimiento, que ese jale no es un calcet\u00edn para todas las tallas. Pero insisto, a veces existen cosas que simplemente no entendemos y no comprendemos, por lo raro y extra\u00f1o que se ponen.&nbsp;<\/p>\n\n\n\n<p>Por lo menos eso ha pasado en las \u00faltimas semanas, cuando ciudadanos de pie, les ha entrado la espinita de la pol\u00edtica. Resulta que est\u00e1n a punto de convertirse en lo que tanto criticaron y se comprometieron a combatir. Para los que saben del oficio, saben que la oferta de los Concejos de Administraci\u00f3n, ni fiados se aceptar\u00edan. Sin embargo, m\u00e1s de uno se quiere alquilar de mesita de centro.&nbsp;<\/p>\n\n\n\n<p>Resulta, que en varios municipios, organizaciones civiles, han comenzado a integrar propuestas que env\u00edan al Congreso, las cuales desean conformar el Concejo de Administraci\u00f3n. Algunos partidos pol\u00edticos tambi\u00e9n est\u00e1n haciendo la maldad de proponer ciudadanos de a pie, cr\u00edticos y honorables, que s\u00ed sugieran de la trampa que les ponen, les responder\u00edan, muchas gracias pero ahorita no <em>\u00a1pu\u00f1et\u00f3n!<\/em>&nbsp;<\/p>\n\n\n\n<p>Obviamente, no saben que una realidad les espera: en primera el tiempo al frente del Concejo es muy corto (tres meses y medio), los presupuestos (todos etiquetados), una sociedad que seguir\u00e1 demandando servicios, crisis sanitaria, inseguridad, pero obviamente esto viene en las letras chiquitas del contrato, esas que no se ven y nadie entiende, todo sea por las delicias del poder.&nbsp;<\/p>\n\n\n\n<p>Hasta dan ganas de ir a Ixmiquilpan, donde la vida no vale nada. Quien dir\u00eda que en este pueblo hasta un cubrebocas se convierte en un asunto o en un objeto de alto riesgo. Si lo traes puesto, la sociedad te mira con desprecio, adem\u00e1s de una barrida de pies a cabeza, dan vuelta la cara y se ponen a re\u00edr.&nbsp;<\/p>\n\n\n\n<p>Por otro lado, si no lo traes puesto, te puede pasar lo que a un grupo de turistas que por ingresar a una tienda de conveniencia sin mascarilla, les invitaron unos tenis, pero marcados en la espalda. Pero volvamos al tema del peligro, resulta que un grupo de turistas, as\u00ed tipo perfil chilango, mameyes presumiendo pectorales, intentaron ingresar a un Oxxo en El Teph\u00e9, donde les negaron el servicio por no traer cubrebocas, recibiendo un estate quieto por parte de los trabajadores del lugar.&nbsp;<\/p>\n\n\n\n<p>Los turistas en este pueblo, se parecen al presidente municipal de Zimap\u00e1n, Erick Marte Rivera, que entre m\u00e1s se mueve m\u00e1s le llueven guamazos. Resulta que, comerciantes del mercado municipal sospechan que el alcalde habr\u00eda provocado un incendio hace meses en este lugar, para de esta manera comprometerse a una remodelaci\u00f3n y dar acceso a un hotel de su propiedad, que habr\u00eda adquirido a trav\u00e9s de un prestanombres.&nbsp;<\/p>\n\n\n\n<p><strong>En corto<\/strong><strong><\/strong><\/p>\n\n\n\n<p>* Para esta semana, ser\u00e1n dados a conocer los candidatos que participar\u00e1n en el proceso electoral para la renovaci\u00f3n de los 84 municipios.&nbsp; &nbsp;&nbsp;&nbsp;&nbsp;&nbsp;&nbsp;<\/p>\n\n\n\n<p><strong>S\u00edgame en Twitter<\/strong><\/p>\n\n\n\n<p>@MarkoCabanas<\/p>\n\n\n\n<p><strong>Mi correo<\/strong><strong><\/strong><\/p>\n\n\n\n<p>Markorey2013@gmail.com<\/p>\n","protected":false},"excerpt":{"rendered":"<p>\u00a1Huele a peligro!<\/p>\n","protected":false},"author":75,"featured_media":0,"comment_status":"closed","ping_status":"open","sticky":false,"template":"","format":"standard","meta":{"footnotes":""},"categories":[87,42],"tags":[],"class_list":["post-128044","post","type-post","status-publish","format-standard","hentry","category-marco-cabanas","category-nuestrapalabra"],"_links":{"self":[{"href":"https:\/\/plazajuarez.mx\/historico\/wp-json\/wp\/v2\/posts\/128044","targetHints":{"allow":["GET"]}}],"collection":[{"href":"https:\/\/plazajuarez.mx\/historico\/wp-json\/wp\/v2\/posts"}],"about":[{"href":"https:\/\/plazajuarez.mx\/historico\/wp-json\/wp\/v2\/types\/post"}],"author":[{"embeddable":true,"href":"https:\/\/plazajuarez.mx\/historico\/wp-json\/wp\/v2\/users\/75"}],"replies":[{"embeddable":true,"href":"https:\/\/plazajuarez.mx\/historico\/wp-json\/wp\/v2\/comments?post=128044"}],"version-history":[{"count":0,"href":"https:\/\/plazajuarez.mx\/historico\/wp-json\/wp\/v2\/posts\/128044\/revisions"}],"wp:attachment":[{"href":"https:\/\/plazajuarez.mx\/historico\/wp-json\/wp\/v2\/media?parent=128044"}],"wp:term":[{"taxonomy":"category","embeddable":true,"href":"https:\/\/plazajuarez.mx\/historico\/wp-json\/wp\/v2\/categories?post=128044"},{"taxonomy":"post_tag","embeddable":true,"href":"https:\/\/plazajuarez.mx\/historico\/wp-json\/wp\/v2\/tags?post=128044"}],"curies":[{"name":"wp","href":"https:\/\/api.w.org\/{rel}","templated":true}]}}