{"id":127984,"date":"2020-08-10T08:29:55","date_gmt":"2020-08-10T13:29:55","guid":{"rendered":"https:\/\/plazajuarez.mx\/?p=127984"},"modified":"2020-08-10T08:30:24","modified_gmt":"2020-08-10T13:30:24","slug":"retratos-hablados-979","status":"publish","type":"post","link":"https:\/\/plazajuarez.mx\/historico\/retratos-hablados-979\/","title":{"rendered":"RETRATOS HABLADOS"},"content":{"rendered":"\n<h2 class=\"wp-block-heading\"><strong>Aqu\u00ed estamos. Aqu\u00ed nos quedamos. Aqu\u00ed seguiremos<\/strong><\/h2>\n\n\n\n<!--more-->\n\n\n\n<p>Hacer periodismo es ante todo una vocaci\u00f3n de vida, a la que en \u00faltimos a\u00f1os se une el paso por las aulas universitarias con resultados m\u00e1s que positivos en la mayor\u00eda de los casos, sin que lo anterior se traduzca en que un t\u00edtulo universitario garantice profesionalismos, igual que tampoco el trabajo emp\u00edrico lo hace. Sin embargo, las nuevas generaciones de hombres y mujeres que cursan una carrera profesional hoy mismo son las que dirigen buena parte de los medios informativos en Hidalgo, y seguramente en la mayor parte del pa\u00eds.<\/p>\n\n\n\n<p>Conozco a verdaderos profesionales del ejercicio period\u00edstico que no han pasado por las escuelas, pero que han cimentado su labor con un trabajo diario no solo en el medio que tienen a su cargo, sino en su preocupaci\u00f3n cotidiana por prepararse mejor con cursos de actualizaci\u00f3n, y sobre todo una afici\u00f3n que es obsesi\u00f3n por leer, leer y leer.&nbsp;<\/p>\n\n\n\n<p>Tambi\u00e9n a j\u00f3venes egresados de nuestras instituciones de educaci\u00f3n superior con una capacitaci\u00f3n cierta, real, que han sido reconocidos primero con jefaturas de informaci\u00f3n o redacci\u00f3n, despu\u00e9s subdirecciones editoriales, hasta quedar al frente de medios informativos de importancia.<\/p>\n\n\n\n<p>A la par de ese escenario en que como nunca se cuenta con verdaderos profesionales del periodismo, este a\u00f1o ha sido cruel como nunca para las empresas period\u00edsticas, al grado que no pocas han tenido que cerrar sus puertas a fin de no caer en un abismo sin retorno con deudas imposible de ser pagadas. Por desgracia muchos trabajadores, profesionales en todo el sentido de la palabra, de la noche a la ma\u00f1ana se han quedado sin empleo.<\/p>\n\n\n\n<p>Es una crisis real que preocupa, pero tambi\u00e9n ocupa a quienes tenemos la responsabilidad de estar el frente de un peri\u00f3dico diario como <strong><em>Plaza Ju\u00e1rez.<\/em><\/strong><\/p>\n\n\n\n<p>En la casa editorial que publica el medio informativo que tiene en sus manos, hemos apostado siempre por salvaguardar cada una de las fuentes laborales que fueron creadas al salir a la luz p\u00fablica, hace casi 16 a\u00f1os. Sin caer en demagogias absurdas y poco sinceras, nos preocupa cada uno de los que hacen posible la aparici\u00f3n cotidiana del <strong><em>Diario Plaza Ju\u00e1rez.<\/em><\/strong><\/p>\n\n\n\n<p>2020, como lo he se\u00f1alado, ser\u00e1 un a\u00f1o del que tendremos que sacar muchas ense\u00f1anzas, pero una fundamental es la solidaridad que hemos tenido de los trabajadores, lo mismo reporteros, corresponsales, fot\u00f3grafos, editores, responsables de las ediciones digitales, administrativos, dise\u00f1adores, equipo de rotativa, distribuci\u00f3n seguridad, limpieza y cocina. Todos, sin excepci\u00f3n, en los hechos concretos, han mostrado y demostrado su apego real a esta casa editora.<\/p>\n\n\n\n<p>Y eso sin duda es lo m\u00e1s valioso que cualquiera pueda perseguir en la vida misma.<\/p>\n\n\n\n<p>Por todo lo anterior quiero comentar de manera p\u00fablica, que a partir del mi\u00e9rcoles 12 de agosto la edici\u00f3n del <strong><em>Diario Plaza Ju\u00e1rez<\/em><\/strong> disminuir\u00e1 su n\u00famero de p\u00e1ginas, pero de ninguna manera dejaremos el sue\u00f1o pleno y real del peri\u00f3dico impreso, porque eso da sustento y cimentaci\u00f3n real a las ediciones digitales, donde cada d\u00eda ganamos m\u00e1s seguidores de acuerdo a las cifras de <strong><em>Google analytics<\/em><\/strong>, al llegar en los \u00faltimos 28 d\u00edas a&nbsp; m\u00e1s de 35 mil usuarios con 50 mil sesiones.<\/p>\n\n\n\n<p>A trav\u00e9s de un programa integral para el ahorro en insumos, tenemos la certeza que podremos hacer frente a la responsabilidad fundamental de mantener la fuente de trabajo, de quienes han convertido <strong><em>Diario Plaza Ju\u00e1rez<\/em><\/strong> en una extensi\u00f3n de sus hogares.&nbsp;<\/p>\n\n\n\n<p>Hacemos periodismo por vocaci\u00f3n, no por ocurrencia o porque sea un negocio extra que pudiera servir para acrecentar los ingresos de otros. <strong><em>Diario Plaza Ju\u00e1rez<\/em><\/strong> es, igual que para nuestros compa\u00f1eros trabajadores, el eje central de nuestra vida. En sortera con inteligencia y solidaridad de todos estos dif\u00edciles momentos, empe\u00f1aremos todos nuestros esfuerzos.<\/p>\n\n\n\n<p>Aqu\u00ed estamos. Aqu\u00ed nos quedamos. Aqu\u00ed seguiremos.<\/p>\n\n\n\n<p><strong>Mil gracias, hasta ma\u00f1ana.<\/strong><\/p>\n\n\n\n<p><a href=\"mailto:jeperalta@plazajuarez.mx\/historico\/historico\">jeperalta@plazajuarez.mx\/historico\/historico<\/a><\/p>\n\n\n\n<p>@JavierEPeralta<br><\/p>\n","protected":false},"excerpt":{"rendered":"<p>Aqu\u00ed estamos. Aqu\u00ed nos quedamos. Aqu\u00ed seguiremos<\/p>\n","protected":false},"author":10,"featured_media":0,"comment_status":"closed","ping_status":"open","sticky":false,"template":"","format":"standard","meta":{"footnotes":""},"categories":[49,42],"tags":[],"class_list":["post-127984","post","type-post","status-publish","format-standard","hentry","category-javier-peralta","category-nuestrapalabra"],"_links":{"self":[{"href":"https:\/\/plazajuarez.mx\/historico\/wp-json\/wp\/v2\/posts\/127984","targetHints":{"allow":["GET"]}}],"collection":[{"href":"https:\/\/plazajuarez.mx\/historico\/wp-json\/wp\/v2\/posts"}],"about":[{"href":"https:\/\/plazajuarez.mx\/historico\/wp-json\/wp\/v2\/types\/post"}],"author":[{"embeddable":true,"href":"https:\/\/plazajuarez.mx\/historico\/wp-json\/wp\/v2\/users\/10"}],"replies":[{"embeddable":true,"href":"https:\/\/plazajuarez.mx\/historico\/wp-json\/wp\/v2\/comments?post=127984"}],"version-history":[{"count":0,"href":"https:\/\/plazajuarez.mx\/historico\/wp-json\/wp\/v2\/posts\/127984\/revisions"}],"wp:attachment":[{"href":"https:\/\/plazajuarez.mx\/historico\/wp-json\/wp\/v2\/media?parent=127984"}],"wp:term":[{"taxonomy":"category","embeddable":true,"href":"https:\/\/plazajuarez.mx\/historico\/wp-json\/wp\/v2\/categories?post=127984"},{"taxonomy":"post_tag","embeddable":true,"href":"https:\/\/plazajuarez.mx\/historico\/wp-json\/wp\/v2\/tags?post=127984"}],"curies":[{"name":"wp","href":"https:\/\/api.w.org\/{rel}","templated":true}]}}