{"id":127982,"date":"2020-08-10T08:31:58","date_gmt":"2020-08-10T13:31:58","guid":{"rendered":"https:\/\/plazajuarez.mx\/?p=127982"},"modified":"2020-08-10T08:32:24","modified_gmt":"2020-08-10T13:32:24","slug":"docentes-se-capacitan-en-uso-de-herramientas-virtuales","status":"publish","type":"post","link":"https:\/\/plazajuarez.mx\/historico\/docentes-se-capacitan-en-uso-de-herramientas-virtuales\/","title":{"rendered":"Docentes se capacitan en uso de herramientas virtuales"},"content":{"rendered":"\n<p>En seguimiento al Operativo Escudo, instruido por el Gobernador Omar Fayad Meneses, el Colegio de Bachilleres del Estado de Hidalgo (Cobaeh), capacitar\u00e1 a mil 520 docentes hidalguenses en el uso de herramientas virtuales con el objetivo de fortalecer sus habilidades y hacer frente a los nuevos retos de ense\u00f1anza ante la pandemia del Covid-19.<\/p>\n\n\n\n<p>Por medio de trabajo en cooperaci\u00f3n, el Instituto de Capacitaci\u00f3n para el Trabajo (ICATHI), dirigido por Eugenia Aid\u00e9e Skinfield Escamilla, dise\u00f1\u00f3 una estrategia espec\u00edfica para las necesidades del Cobaeh, en donde a trav\u00e9s de un curso que concluir\u00e1 el 12 de agosto, se capacitar\u00e1n los docentes de todos los planteles educativos pertenecientes a esta instituci\u00f3n.<\/p>\n\n\n\n<p>La capacitaciones se realizar\u00e1n en coordinaci\u00f3n con instituciones del sector laboral y educativo, y con colaboraci\u00f3n de 60 instructores certificados, en donde se impartir\u00e1n cursos en modalidad virtual a fin de que los participantes dominen el conjunto de herramientas virtuales de mayor cobertura y n\u00famero de usuarios, que se utilizan a nivel mundial durante esta emergencia sanitaria.<\/p>\n","protected":false},"excerpt":{"rendered":"<p>En seguimiento al Operativo Escudo, instruido por el Gobernador Omar Fayad Meneses, el Colegio de Bachilleres del Estado de Hidalgo (Cobaeh), capacitar\u00e1 a mil 520 docentes hidalguenses en el uso de herramientas virtuales con el objetivo de fortalecer sus habilidades y hacer frente a los nuevos retos de ense\u00f1anza ante la pandemia del Covid-19. Por [&hellip;]<\/p>\n","protected":false},"author":93,"featured_media":0,"comment_status":"closed","ping_status":"open","sticky":false,"template":"","format":"standard","meta":{"footnotes":""},"categories":[59],"tags":[],"class_list":["post-127982","post","type-post","status-publish","format-standard","hentry","category-general"],"_links":{"self":[{"href":"https:\/\/plazajuarez.mx\/historico\/wp-json\/wp\/v2\/posts\/127982","targetHints":{"allow":["GET"]}}],"collection":[{"href":"https:\/\/plazajuarez.mx\/historico\/wp-json\/wp\/v2\/posts"}],"about":[{"href":"https:\/\/plazajuarez.mx\/historico\/wp-json\/wp\/v2\/types\/post"}],"author":[{"embeddable":true,"href":"https:\/\/plazajuarez.mx\/historico\/wp-json\/wp\/v2\/users\/93"}],"replies":[{"embeddable":true,"href":"https:\/\/plazajuarez.mx\/historico\/wp-json\/wp\/v2\/comments?post=127982"}],"version-history":[{"count":0,"href":"https:\/\/plazajuarez.mx\/historico\/wp-json\/wp\/v2\/posts\/127982\/revisions"}],"wp:attachment":[{"href":"https:\/\/plazajuarez.mx\/historico\/wp-json\/wp\/v2\/media?parent=127982"}],"wp:term":[{"taxonomy":"category","embeddable":true,"href":"https:\/\/plazajuarez.mx\/historico\/wp-json\/wp\/v2\/categories?post=127982"},{"taxonomy":"post_tag","embeddable":true,"href":"https:\/\/plazajuarez.mx\/historico\/wp-json\/wp\/v2\/tags?post=127982"}],"curies":[{"name":"wp","href":"https:\/\/api.w.org\/{rel}","templated":true}]}}