{"id":127980,"date":"2020-08-10T08:21:25","date_gmt":"2020-08-10T13:21:25","guid":{"rendered":"https:\/\/plazajuarez.mx\/?p=127980"},"modified":"2020-08-10T08:21:47","modified_gmt":"2020-08-10T13:21:47","slug":"alfil-negro-1893","status":"publish","type":"post","link":"https:\/\/plazajuarez.mx\/historico\/alfil-negro-1893\/","title":{"rendered":"ALFIL NEGRO"},"content":{"rendered":"\n<h2 class=\"wp-block-heading\"><strong>CON O SIN MORENA, LA ELECCI\u00d3N AVANZA<\/strong><\/h2>\n\n\n\n<!--more-->\n\n\n\n<p>El proceso para llevar a cabo la elecci\u00f3n de nuevos alcaldes el 18 de octubre camina y avanza, todos los partidos est\u00e1n listos para ir cumpliendo con el reloj del proceso, que contempla en dos d\u00edas, esto es el 12 de este mes, el registro de los candidatos en los 11 partidos participantes , algunos con candidaturas comunes y otros solos, pero todos ya en la senda de la elecci\u00f3n.<\/p>\n\n\n\n<p>Desde luego todo depende de la situaci\u00f3n de la pandemia, porque si no hay condiciones , lo m\u00e1s seguro es que cambie de fecha, pero el ritmo de la pandemia, as\u00ed como las expectativas que tiene en Hidalgo, parece que permitir\u00e1 la elecci\u00f3n.<\/p>\n\n\n\n<p>Morena, desde su directiva nacional, que desde luego siguieron los de Hidalgo, descalificaron la fecha de la elecci\u00f3n porque alegaron que la pandemia no lo permit\u00eda.<\/p>\n\n\n\n<p>Incluso, aqu\u00ed en casa, llegaron a amenazar que si se manten\u00eda la fecha fijada por el INE, analizar\u00edan el caso y podr\u00edan decidir que no participar\u00edan en la elecci\u00f3n.<\/p>\n\n\n\n<p>Esto provoc\u00f3 llanto y gritos en todos los partidos: no era posible, c\u00f3mo es que le negaban&nbsp; a Hidalgo tener la posibilidad de que fueran alcaldes los ejemplares pol\u00edticos como Baptista, Mayorga, Montealegre, y otros&nbsp; garzas, si todo mundo sab\u00eda de su honestidad y limpieza pol\u00edtica, siempre al servicio del pueblo, al que reconoc\u00edan como su \u00fanico jefe y nunca de los nunca con acciones de abusos en el presupuesto de Hidalgo, o con acciones de tapetes con el Jefe del Grupo, al que hasta presencia en el Congreso le dieron para aclarar asuntos.<\/p>\n\n\n\n<p>Pero en fin, si no quieren participar, muy su gusto. Adi\u00f3s y buena suerte.<\/p>\n\n\n\n<p>Pero el calendario de la elecci\u00f3n en su posibilidad de ser el 18 de octubre no se detiene ,ni sabe de caprichos y necedades, y sigue.<\/p>\n\n\n\n<p>El 12, registro en cada partido y decisiones internas para elegir candidatos.<\/p>\n\n\n\n<p>Porque del 14 al 19, se da el periodo para el registro de los partidos&nbsp; de sus candidatos ante la autoridad&nbsp; electoral.<\/p>\n\n\n\n<p>Cinco d\u00edas para hacer llegar los registros, que en mucho ser\u00e1n virtuales por la pandemia, con muy poca porra y menos grupos de m\u00fasica, como se hac\u00eda en otros tiempos.&nbsp;<\/p>\n\n\n\n<p>El 14 inicia y hasta el 19, la renuncia de funcionarios que quieran ser candidatos, y pueden venir sorpresas.<\/p>\n\n\n\n<p>El 4 de septiembre, el IEEH decide sobre las candidaturas y el s\u00e1bado 5 de septiembre arrancan las campa\u00f1as hasta el 14 de octubre, para que el 18 se lleven a cabo las elecciones.<\/p>\n\n\n\n<p>Del 21 al 24 de octubre, los c\u00f3mputos de las elecciones, y el 15 de diciembre toman posesi\u00f3n los nuevos alcaldes.<\/p>\n\n\n\n<p>Es el mapa de la elecci\u00f3n, en la que a lo mejor no participa Morena.<\/p>\n\n\n\n<p>Eso dicen.<\/p>\n\n\n\n<p>Pero ya ver\u00e1 usted que estar\u00e1n presentes.<\/p>\n\n\n\n<p>Hay un refr\u00e1n que viene como anillo al dedo: &#8220;de lengua me como un plato&#8221;.<\/p>\n\n\n\n<p>Pero todo indica que a este tren ya no lo para nadie, y menos con caprichos y necedades, por el temor de no estar preparados para la batalla.<\/p>\n\n\n\n<p><strong>Pero la \u00faltima palabra la tiene la pandemia.<\/strong><\/p>\n","protected":false},"excerpt":{"rendered":"<p>CON O SIN MORENA, LA ELECCI\u00d3N AVANZA<\/p>\n","protected":false},"author":83,"featured_media":0,"comment_status":"closed","ping_status":"open","sticky":false,"template":"","format":"standard","meta":{"footnotes":""},"categories":[48,42],"tags":[],"class_list":["post-127980","post","type-post","status-publish","format-standard","hentry","category-adalberto-peralta","category-nuestrapalabra"],"_links":{"self":[{"href":"https:\/\/plazajuarez.mx\/historico\/wp-json\/wp\/v2\/posts\/127980","targetHints":{"allow":["GET"]}}],"collection":[{"href":"https:\/\/plazajuarez.mx\/historico\/wp-json\/wp\/v2\/posts"}],"about":[{"href":"https:\/\/plazajuarez.mx\/historico\/wp-json\/wp\/v2\/types\/post"}],"author":[{"embeddable":true,"href":"https:\/\/plazajuarez.mx\/historico\/wp-json\/wp\/v2\/users\/83"}],"replies":[{"embeddable":true,"href":"https:\/\/plazajuarez.mx\/historico\/wp-json\/wp\/v2\/comments?post=127980"}],"version-history":[{"count":0,"href":"https:\/\/plazajuarez.mx\/historico\/wp-json\/wp\/v2\/posts\/127980\/revisions"}],"wp:attachment":[{"href":"https:\/\/plazajuarez.mx\/historico\/wp-json\/wp\/v2\/media?parent=127980"}],"wp:term":[{"taxonomy":"category","embeddable":true,"href":"https:\/\/plazajuarez.mx\/historico\/wp-json\/wp\/v2\/categories?post=127980"},{"taxonomy":"post_tag","embeddable":true,"href":"https:\/\/plazajuarez.mx\/historico\/wp-json\/wp\/v2\/tags?post=127980"}],"curies":[{"name":"wp","href":"https:\/\/api.w.org\/{rel}","templated":true}]}}