{"id":127960,"date":"2020-08-09T23:03:39","date_gmt":"2020-08-10T04:03:39","guid":{"rendered":"https:\/\/plazajuarez.mx\/?p=127960"},"modified":"2020-08-09T23:03:51","modified_gmt":"2020-08-10T04:03:51","slug":"mexico-llega-a-480-mil-casos-de-covid-19-hay-52298-muertes","status":"publish","type":"post","link":"https:\/\/plazajuarez.mx\/historico\/mexico-llega-a-480-mil-casos-de-covid-19-hay-52298-muertes\/","title":{"rendered":"M\u00e9xico llega a 480 mil casos de Covid-19; hay 52,298 muertes"},"content":{"rendered":"\n<ul class=\"wp-block-list\"><li><strong>322 mil 465 de estos casos activos ya se est\u00e1n recuperando en hospitales y hogares.<\/strong><\/li><\/ul>\n\n\n\n<!--more-->\n\n\n\n<p>La Secretar\u00eda de Salud (Ssa) inform\u00f3 que el n\u00famero de defunciones en M\u00e9xico a causa de Covid-19 ascendi\u00f3 este domingo 9 de agosto a 52 mil 298 y los casos confirmados suman 480 mil 278, donde 322 mil 465 de estos casos activos ya se est\u00e1n recuperando en hospitales y hogares.<\/p>\n\n\n\n<p>As\u00ed lo se\u00f1al\u00f3 durante la conferencia de prensa, Ricardo Cort\u00e9s Alcal\u00e1, director general de Promoci\u00f3n de la Salud, quien puntualiz\u00f3 que la cifra de casos estudiados por sospecha a SarsCoV2 a nivel nacional suman un mill\u00f3n 91 mil 695 personas y el n\u00famero de personas que est\u00e1n en espera recibir la confirmaci\u00f3n de diagn\u00f3stico ascienden a 84 mil 506.<\/p>\n\n\n\n<p>En cuanto a la estimaci\u00f3n de casos el funcionario indic\u00f3 que hay una disminuci\u00f3n de 21% sobre la \u00faltima semana, donde los casos estimados son 518 mil 231 mil donde los casos activos estimados son 43 mil 547, es el 8%, lo cual indica una disminuci\u00f3n importante.<\/p>\n\n\n\n<p>Sobre la ocupaci\u00f3n hospitalaria Cort\u00e9s Alcal\u00e1 indic\u00f3 que la disponibilidad es del 60%, pues de las 30 mil 998 camas totales, 18 mil 451 est\u00e1n disponibles y 12 mil 547 se encuentran ocupadas.<\/p>\n\n\n\n<p>Las entidades con monos disponibilidad est\u00e1n Colima con s\u00f3lo disponibles el 34%, Nuevo Le\u00f3n 35%, Baja California y Tabasco con 52% y la Ciudad de M\u00e9xico con s\u00f3lo el 55% de camas disponibles.<\/p>\n\n\n\n<p>Se cumple &#8220;escenario catastr\u00f3fico&#8221;. Si el n\u00famero de muertes por Covid-19 sigue como en las \u00faltimas dos semanas, M\u00e9xico alcanzar\u00e1, entre los pr\u00f3ximos 10 a 12 d\u00edas, un escenario &#8220;muy catastr\u00f3fico&#8221; del que habl\u00f3 el subsecretario de Prevenci\u00f3n y Promoci\u00f3n de la Salud, Hugo L\u00f3pez- Gatell, puesto que se rebasar\u00edan las 60 mil defunciones.<\/p>\n\n\n\n<p>El 4 de junio, el funcionario dijo que la estimaci\u00f3n de fallecimientos por Covid-19 realizada por el gobierno federal era de 30 a 35 mil personas; sin embargo, en un escenario &#8220;muy catastr\u00f3fico&#8221; se preve\u00eda llegar hasta las 60 mil.<\/p>\n","protected":false},"excerpt":{"rendered":"<p>322 mil 465 de estos casos activos ya se est\u00e1n recuperando en hospitales y hogares.<\/p>\n","protected":false},"author":81,"featured_media":0,"comment_status":"closed","ping_status":"open","sticky":false,"template":"","format":"standard","meta":{"footnotes":""},"categories":[15,36],"tags":[],"class_list":["post-127960","post","type-post","status-publish","format-standard","hentry","category-destacadas","category-nacion"],"_links":{"self":[{"href":"https:\/\/plazajuarez.mx\/historico\/wp-json\/wp\/v2\/posts\/127960","targetHints":{"allow":["GET"]}}],"collection":[{"href":"https:\/\/plazajuarez.mx\/historico\/wp-json\/wp\/v2\/posts"}],"about":[{"href":"https:\/\/plazajuarez.mx\/historico\/wp-json\/wp\/v2\/types\/post"}],"author":[{"embeddable":true,"href":"https:\/\/plazajuarez.mx\/historico\/wp-json\/wp\/v2\/users\/81"}],"replies":[{"embeddable":true,"href":"https:\/\/plazajuarez.mx\/historico\/wp-json\/wp\/v2\/comments?post=127960"}],"version-history":[{"count":0,"href":"https:\/\/plazajuarez.mx\/historico\/wp-json\/wp\/v2\/posts\/127960\/revisions"}],"wp:attachment":[{"href":"https:\/\/plazajuarez.mx\/historico\/wp-json\/wp\/v2\/media?parent=127960"}],"wp:term":[{"taxonomy":"category","embeddable":true,"href":"https:\/\/plazajuarez.mx\/historico\/wp-json\/wp\/v2\/categories?post=127960"},{"taxonomy":"post_tag","embeddable":true,"href":"https:\/\/plazajuarez.mx\/historico\/wp-json\/wp\/v2\/tags?post=127960"}],"curies":[{"name":"wp","href":"https:\/\/api.w.org\/{rel}","templated":true}]}}