{"id":127647,"date":"2020-08-07T08:21:34","date_gmt":"2020-08-07T13:21:34","guid":{"rendered":"https:\/\/plazajuarez.mx\/?p=127647"},"modified":"2020-08-07T08:21:49","modified_gmt":"2020-08-07T13:21:49","slug":"crisis-en-jovenes-por-encierro-sanitario-covid","status":"publish","type":"post","link":"https:\/\/plazajuarez.mx\/historico\/crisis-en-jovenes-por-encierro-sanitario-covid\/","title":{"rendered":"Crisis en j\u00f3venes por \u201cencierro sanitario COVID\u201d"},"content":{"rendered":"\n<ul class=\"wp-block-list\"><li><strong>Alumnos de la Universidad Polit\u00e9cnica de Pachuca (UPP), reciben,\u00a0 de manera virtual, apoyos psicol\u00f3gicos<\/strong><\/li><\/ul>\n\n\n\n<!--more-->\n\n\n\n<p><strong>Zempoala.- <\/strong>La psic\u00f3loga dice que conforme se va prolongando la contingencia es posible que se pueda agravar el estr\u00e9s en m\u00e1s educandos.<\/p>\n\n\n\n<p>Ante la suspensi\u00f3n de actividades presenciales por la contingencia sanitaria, autoridades acad\u00e9micas de la UPP, optaron por&nbsp; impartir de manera virtual los primeros auxilios psicol\u00f3gicos a los m\u00e1s de 4 mil estudiantes<\/p>\n\n\n\n<p>El rector, Marco Antonio Flores Gonz\u00e1lez, dijo que bajo el lema \u201cMi salud tambi\u00e9n es mental ante Covid-19\u201d, con el apoyo del \u00e1rea de psicolog\u00eda de esta instituci\u00f3n, a cargo de la psic\u00f3loga Mary Carmen Baena S\u00e1nchez.&nbsp;<\/p>\n\n\n\n<p>La psic\u00f3loga public\u00f3 en redes sociales el aviso para que alumnas y alumnos que hayan sufrido estr\u00e9s, ansiedad, miedo, tristeza, enojo o situaciones de violencia puedan recibir acompa\u00f1amiento emocional.<\/p>\n\n\n\n<p>\u201cAunque las clases de manera presencial se hayan suspendido,\u00a0nosotros hasta el momento seguimos ofreciendo atenci\u00f3n psicol\u00f3gica individual a trav\u00e9s de sesiones en la plataforma zoom; desde que inici\u00f3 la contingencia sanitaria hemos mantenido\u00a0 comunicaci\u00f3n constante con los docentes tutores, quienes nos remiten al alumno o alumna que requiera nuestro apoyo, nos ponemos en contacto, acordamos el d\u00eda y la hora para programar la reuni\u00f3n virtual y de esta manera se le brinda un tratamiento para una variedad de condiciones de salud mental y promover el logro de cambios personales, la adaptaci\u00f3n al entorno y la integridad de la identidad psicol\u00f3gica de los j\u00f3venes\u201d.<\/p>\n","protected":false},"excerpt":{"rendered":"<p>Alumnos de la Universidad Polit\u00e9cnica de Pachuca (UPP), reciben,\u00a0 de manera virtual, apoyos psicol\u00f3gicos<\/p>\n","protected":false},"author":69,"featured_media":0,"comment_status":"closed","ping_status":"open","sticky":false,"template":"","format":"standard","meta":{"footnotes":""},"categories":[40],"tags":[],"class_list":["post-127647","post","type-post","status-publish","format-standard","hentry","category-region"],"_links":{"self":[{"href":"https:\/\/plazajuarez.mx\/historico\/wp-json\/wp\/v2\/posts\/127647","targetHints":{"allow":["GET"]}}],"collection":[{"href":"https:\/\/plazajuarez.mx\/historico\/wp-json\/wp\/v2\/posts"}],"about":[{"href":"https:\/\/plazajuarez.mx\/historico\/wp-json\/wp\/v2\/types\/post"}],"author":[{"embeddable":true,"href":"https:\/\/plazajuarez.mx\/historico\/wp-json\/wp\/v2\/users\/69"}],"replies":[{"embeddable":true,"href":"https:\/\/plazajuarez.mx\/historico\/wp-json\/wp\/v2\/comments?post=127647"}],"version-history":[{"count":0,"href":"https:\/\/plazajuarez.mx\/historico\/wp-json\/wp\/v2\/posts\/127647\/revisions"}],"wp:attachment":[{"href":"https:\/\/plazajuarez.mx\/historico\/wp-json\/wp\/v2\/media?parent=127647"}],"wp:term":[{"taxonomy":"category","embeddable":true,"href":"https:\/\/plazajuarez.mx\/historico\/wp-json\/wp\/v2\/categories?post=127647"},{"taxonomy":"post_tag","embeddable":true,"href":"https:\/\/plazajuarez.mx\/historico\/wp-json\/wp\/v2\/tags?post=127647"}],"curies":[{"name":"wp","href":"https:\/\/api.w.org\/{rel}","templated":true}]}}