{"id":127520,"date":"2020-08-06T09:47:49","date_gmt":"2020-08-06T14:47:49","guid":{"rendered":"https:\/\/plazajuarez.mx\/?p=127520"},"modified":"2020-08-06T09:48:02","modified_gmt":"2020-08-06T14:48:02","slug":"fallecio-un-reo-otro-resulto-positivo-a-covid-19","status":"publish","type":"post","link":"https:\/\/plazajuarez.mx\/historico\/fallecio-un-reo-otro-resulto-positivo-a-covid-19\/","title":{"rendered":"Falleci\u00f3 un reo; otro result\u00f3 positivo a Covid-19"},"content":{"rendered":"\n<ul class=\"wp-block-list\"><li><strong>Son tres hombres de 87, 62 y 50 a\u00f1os, quienes presentaron enfermedad respiratoria<\/strong><\/li><\/ul>\n\n\n\n<!--more-->\n\n\n\n<p>Se report\u00f3 que tres personas en reclusi\u00f3n en el Centro de Reinserci\u00f3n Social de Tulancingo fueron externadas, en coordinaci\u00f3n con Secretar\u00eda de Salud, pero uno muri\u00f3.<\/p>\n\n\n\n<p>Son tres hombres de 87, 62 y 50 a\u00f1os, quienes presentaron enfermedad respiratoria.<\/p>\n\n\n\n<p>La persona de 87 a\u00f1os, padec\u00eda enfermedades cr\u00f3nico-degenerativas, perdi\u00f3 la vida (sin confirmaci\u00f3n hasta el momento derivado de Covid-19).<\/p>\n\n\n\n<p>Los individuos restantes reciben atenci\u00f3n m\u00e9dica y uno dio positivo por Covid-19, derivado de las pruebas cl\u00ednicas.<\/p>\n\n\n\n<p>Por contingencia sanitaria, las personas en reclusi\u00f3n con las que estuvieron en contacto est\u00e1n siendo monitoreadas con colaboraci\u00f3n de la Jurisdicci\u00f3n Sanitaria, sin presentarse casos sospechosos.<\/p>\n\n\n\n<p>Se mantiene coordinaci\u00f3n con Sector Salud para aplicaci\u00f3n de pruebas a poblaci\u00f3n penitenciaria y servidores p\u00fablicos, as\u00ed como para apoyo de traslado de personas privadas de la libertad a Hospitales de Respuesta Inmediata COVID-19 que cumplan con criterios de caso sospechoso con datos de severidad que ameriten ser externados.<\/p>\n","protected":false},"excerpt":{"rendered":"<p>Son tres hombres de 87, 62 y 50 a\u00f1os, quienes presentaron enfermedad respiratoria<\/p>\n","protected":false},"author":93,"featured_media":0,"comment_status":"closed","ping_status":"open","sticky":false,"template":"","format":"standard","meta":{"footnotes":""},"categories":[37],"tags":[],"class_list":["post-127520","post","type-post","status-publish","format-standard","hentry","category-barandilla"],"_links":{"self":[{"href":"https:\/\/plazajuarez.mx\/historico\/wp-json\/wp\/v2\/posts\/127520","targetHints":{"allow":["GET"]}}],"collection":[{"href":"https:\/\/plazajuarez.mx\/historico\/wp-json\/wp\/v2\/posts"}],"about":[{"href":"https:\/\/plazajuarez.mx\/historico\/wp-json\/wp\/v2\/types\/post"}],"author":[{"embeddable":true,"href":"https:\/\/plazajuarez.mx\/historico\/wp-json\/wp\/v2\/users\/93"}],"replies":[{"embeddable":true,"href":"https:\/\/plazajuarez.mx\/historico\/wp-json\/wp\/v2\/comments?post=127520"}],"version-history":[{"count":0,"href":"https:\/\/plazajuarez.mx\/historico\/wp-json\/wp\/v2\/posts\/127520\/revisions"}],"wp:attachment":[{"href":"https:\/\/plazajuarez.mx\/historico\/wp-json\/wp\/v2\/media?parent=127520"}],"wp:term":[{"taxonomy":"category","embeddable":true,"href":"https:\/\/plazajuarez.mx\/historico\/wp-json\/wp\/v2\/categories?post=127520"},{"taxonomy":"post_tag","embeddable":true,"href":"https:\/\/plazajuarez.mx\/historico\/wp-json\/wp\/v2\/tags?post=127520"}],"curies":[{"name":"wp","href":"https:\/\/api.w.org\/{rel}","templated":true}]}}