{"id":127442,"date":"2020-08-05T13:50:01","date_gmt":"2020-08-05T18:50:01","guid":{"rendered":"https:\/\/plazajuarez.mx\/?p=127442"},"modified":"2020-08-05T13:50:14","modified_gmt":"2020-08-05T18:50:14","slug":"desempleo-en-mexico-sube-a-55-en-junio-y-millones-se-reincorporan-a-mercado","status":"publish","type":"post","link":"https:\/\/plazajuarez.mx\/historico\/desempleo-en-mexico-sube-a-55-en-junio-y-millones-se-reincorporan-a-mercado\/","title":{"rendered":"Desempleo en M\u00e9xico sube a 5,5% en junio y millones se reincorporan a mercado"},"content":{"rendered":"\n<ul class=\"wp-block-list\"><li><strong>El Instituto Mexicano del Seguro Social (IMSS) ha reportado la p\u00e9rdida de m\u00e1s de 1 mill\u00f3n de empleos formales de marzo a mayo por la pandemia.<\/strong><\/li><\/ul>\n\n\n\n<!--more-->\n\n\n\n<p>El desempleo en M\u00e9xico aument\u00f3 en junio hasta el 5,5 % de la Poblaci\u00f3n Econ\u00f3micamente Activa (PEA) en un mes en el que 5,7 millones de personas se incorporaron al mercado laboral gracias a la reapertura parcial de la econom\u00eda, inform\u00f3 este mi\u00e9rcoles el Instituto Nacional de Estad\u00edstica y Geograf\u00eda (Inegi).<\/p>\n\n\n\n<p>Seg\u00fan la Encuesta Telef\u00f3nica de Ocupaci\u00f3n y Empleo, la tasa de desocupaci\u00f3n pas\u00f3 del 4,2 % de mayo al 5,5 % en junio, hasta un total de 2,8 millones de personas, un dato mayor al mismo mes del a\u00f1o pasado, cuando la tasa era del 3,6 %.<\/p>\n\n\n\n<p>No obstante, el Inegi detect\u00f3 &#8220;una primera recuperaci\u00f3n de la ocupaci\u00f3n y el empleo en junio respecto al mes previo, principalmente impulsada por la reapertura gradual de los negocios y empresas en actividades econ\u00f3micas no esenciales&#8221; durante la pandemia de COVID-19.<\/p>\n\n\n\n<p>Y es que la Poblaci\u00f3n Econ\u00f3micamente Activa (PEA), aquella mayor a 15 a\u00f1os que trabaja o que busca un empleo, aument\u00f3 del 47,4 % en mayo al 53,1 % en junio.<\/p>\n\n\n\n<p>De acuerdo con la encuesta, la PEA se ampli\u00f3 en 5,7 millones de personas. De estas, 4,8 millones encontraron empleo y otras 901.000 comenzaron a buscar trabajo.<\/p>\n\n\n\n<p>La poblaci\u00f3n subempleada, la que declar\u00f3 tener necesidad y disponibilidad para ofertar m\u00e1s horas de trabajo que las que su ocupaci\u00f3n actual le permite, alcanz\u00f3 20,1 % de toda la ocupada, inferior al 29,9 % reportado en mayo pero muy superior al 7,6 % de junio del a\u00f1o pasado.<\/p>\n\n\n\n<p>Las personas en la econom\u00eda informal alcanzaron los 25,6 millones, lo que representa el 53 % de la poblaci\u00f3n ocupada en junio, mayor al 51,8 % de mayo.<\/p>\n\n\n\n<p>El Inegi considera empleadas a las personas mayores de 14 a\u00f1os que trabajan al menos seis horas a la semana y en cualquier puesto.<\/p>\n\n\n\n<p>En junio, el 13,2 % de la poblaci\u00f3n ocupada se dedic\u00f3 al sector primario, el 23,4 % al sector secundario y el 63,1 % al terciario, mientras que el 0,4 % restante no se especific\u00f3.<\/p>\n\n\n\n<p>M\u00e9xico, que acumula 449.961 contagios y 48.869 decesos de COVID-19, cerr\u00f3 a finales de marzo la econom\u00eda no esencial y recomend\u00f3 a la poblaci\u00f3n permanecer en casa, hasta que en junio inici\u00f3 una reapertura gradual de la econom\u00eda.<\/p>\n\n\n\n<p>El Instituto Mexicano del Seguro Social (IMSS) ha reportado la p\u00e9rdida de m\u00e1s de 1 mill\u00f3n de empleos formales de marzo a mayo por la pandemia.<\/p>\n","protected":false},"excerpt":{"rendered":"<p>El Instituto Mexicano del Seguro Social (IMSS) ha reportado la p\u00e9rdida de m\u00e1s de 1 mill\u00f3n de empleos formales de marzo a mayo por la pandemia.<\/p>\n","protected":false},"author":80,"featured_media":0,"comment_status":"closed","ping_status":"open","sticky":false,"template":"","format":"standard","meta":{"footnotes":""},"categories":[15,36],"tags":[],"class_list":["post-127442","post","type-post","status-publish","format-standard","hentry","category-destacadas","category-nacion"],"_links":{"self":[{"href":"https:\/\/plazajuarez.mx\/historico\/wp-json\/wp\/v2\/posts\/127442","targetHints":{"allow":["GET"]}}],"collection":[{"href":"https:\/\/plazajuarez.mx\/historico\/wp-json\/wp\/v2\/posts"}],"about":[{"href":"https:\/\/plazajuarez.mx\/historico\/wp-json\/wp\/v2\/types\/post"}],"author":[{"embeddable":true,"href":"https:\/\/plazajuarez.mx\/historico\/wp-json\/wp\/v2\/users\/80"}],"replies":[{"embeddable":true,"href":"https:\/\/plazajuarez.mx\/historico\/wp-json\/wp\/v2\/comments?post=127442"}],"version-history":[{"count":0,"href":"https:\/\/plazajuarez.mx\/historico\/wp-json\/wp\/v2\/posts\/127442\/revisions"}],"wp:attachment":[{"href":"https:\/\/plazajuarez.mx\/historico\/wp-json\/wp\/v2\/media?parent=127442"}],"wp:term":[{"taxonomy":"category","embeddable":true,"href":"https:\/\/plazajuarez.mx\/historico\/wp-json\/wp\/v2\/categories?post=127442"},{"taxonomy":"post_tag","embeddable":true,"href":"https:\/\/plazajuarez.mx\/historico\/wp-json\/wp\/v2\/tags?post=127442"}],"curies":[{"name":"wp","href":"https:\/\/api.w.org\/{rel}","templated":true}]}}