{"id":127436,"date":"2020-08-05T13:07:19","date_gmt":"2020-08-05T18:07:19","guid":{"rendered":"https:\/\/plazajuarez.mx\/?p=127436"},"modified":"2020-08-05T13:07:33","modified_gmt":"2020-08-05T18:07:33","slug":"lopez-obrador-dice-que-mexico-tiene-garantizado-acceso-a-vacuna-de-covid-19","status":"publish","type":"post","link":"https:\/\/plazajuarez.mx\/historico\/lopez-obrador-dice-que-mexico-tiene-garantizado-acceso-a-vacuna-de-covid-19\/","title":{"rendered":"L\u00f3pez Obrador dice que M\u00e9xico tiene &#8220;garantizado&#8221; acceso a vacuna de COVID-19"},"content":{"rendered":"\n<ul class=\"wp-block-list\"><li><strong>El Gobierno de M\u00e9xico firm\u00f3 el 31 de julio un acuerdo con la ONU para asegurar la adquisici\u00f3n de medicamentos, vacunas y equipo m\u00e9dico<\/strong><\/li><\/ul>\n\n\n\n<!--more-->\n\n\n\n<p>El presidente mexicano, Andr\u00e9s Manuel L\u00f3pez Obrador, asegur\u00f3 este mi\u00e9rcoles que M\u00e9xico tiene &#8220;garantizado&#8221; el acceso a la vacuna contra la COVID-19 y que dispone de los recursos necesarios para adquirirla una vez est\u00e9 demostrada su efectividad.<\/p>\n\n\n\n<p>&#8220;Desde que se certifique que la vacuna ayuda a prevenir el virus, M\u00e9xico tiene acceso. Tambi\u00e9n tenemos los recursos necesarios para adquirirla&#8221;, dijo el presidente en conferencia de prensa desde Culiac\u00e1n, capital del noroccidental estado de Sinaloa.<\/p>\n\n\n\n<p>El mandatario asegur\u00f3 que ya &#8220;hay una comunicaci\u00f3n con varias empresas y Gobiernos&#8221; y que M\u00e9xico no tendr\u00e1 &#8220;problemas en el caso de que se tenga la vacuna para el COVID&#8221;.<\/p>\n\n\n\n<p>&#8220;No solo se trata de tener los recursos para adquirirla, sino que se tome en cuenta al pa\u00eds, y eso lo tenemos garantizado&#8221;, asever\u00f3.<\/p>\n\n\n\n<p>L\u00f3pez Obrador record\u00f3 que en la cumbre virtual de l\u00edderes del G20 celebrada el 26 de marzo, M\u00e9xico reivindic\u00f3 que &#8220;se socializara la medicina y la vacuna&#8221; para frenar la pandemia causada por el nuevo coronavirus SARS-CoV-2.<\/p>\n\n\n\n<p>Posteriormente, el 21 de abril, la Asamblea General de la ONU adopt\u00f3 una resoluci\u00f3n impulsada por M\u00e9xico para que &#8220;no haya acaparamiento de ning\u00fan pa\u00eds ni ninguna empresa sobre medicamentos y vacunas&#8221;, subray\u00f3 el mandatario.<\/p>\n\n\n\n<p>&#8220;M\u00e9xico tiene su lugar reservado en este caso&#8221;, reiter\u00f3.<\/p>\n\n\n\n<p>L\u00f3pez Obrador puso en manos de su canciller, Marcelo Ebrard, la labor de conseguir el acceso a una de las vacunas contra la COVID-19 m\u00e1s avanzadas en el panorama internacional, as\u00ed como financiaci\u00f3n para desarrollar una dentro del pa\u00eds.<\/p>\n\n\n\n<p>La semana pasada, Ebrard anunci\u00f3 que la empresa francesa Sanofi-Pasteur har\u00e1 pruebas en M\u00e9xico de la fase 3 de su vacuna, que ya se prueba en humanos.<\/p>\n\n\n\n<p>Ello, seg\u00fan el canciller, facilitar\u00e1 luego su distribuci\u00f3n en el pa\u00eds latinoamericano.<\/p>\n\n\n\n<p>Adem\u00e1s, dijo que se est\u00e1 trabajando para llegar a acuerdos similares con Estados Unidos, China y Alemania.<\/p>\n\n\n\n<p>En el mismo sentido, el Gobierno de M\u00e9xico firm\u00f3 el 31 de julio un acuerdo con la ONU para asegurar la adquisici\u00f3n de medicamentos, vacunas y equipo m\u00e9dico, que tambi\u00e9n ha de servir combatir la pandemia y el acceso a la vacuna una vez exista.<\/p>\n\n\n\n<p>Paralelamente, la Secretar\u00eda de Exteriores busca financiaci\u00f3n por parte de la Coalici\u00f3n para las Innovaciones en Preparaci\u00f3n para Epidemias (CEPI) para cuatro proyectos de vacuna mexicana, uno de ellos de la reconocida Universidad Nacional Aut\u00f3noma de M\u00e9xico (UNAM).<\/p>\n\n\n\n<p>Con 449.961 casos confirmados y 48.869 decesos, M\u00e9xico es el tercer pa\u00eds del mundo con m\u00e1s muertos y el sexto con m\u00e1s contagiados confirmados de COVID-19.<\/p>\n","protected":false},"excerpt":{"rendered":"<p>El Gobierno de M\u00e9xico firm\u00f3 el 31 de julio un acuerdo con la ONU para asegurar la adquisici\u00f3n de medicamentos, vacunas y equipo m\u00e9dico<\/p>\n","protected":false},"author":80,"featured_media":0,"comment_status":"closed","ping_status":"open","sticky":false,"template":"","format":"standard","meta":{"footnotes":""},"categories":[15,36],"tags":[],"class_list":["post-127436","post","type-post","status-publish","format-standard","hentry","category-destacadas","category-nacion"],"_links":{"self":[{"href":"https:\/\/plazajuarez.mx\/historico\/wp-json\/wp\/v2\/posts\/127436","targetHints":{"allow":["GET"]}}],"collection":[{"href":"https:\/\/plazajuarez.mx\/historico\/wp-json\/wp\/v2\/posts"}],"about":[{"href":"https:\/\/plazajuarez.mx\/historico\/wp-json\/wp\/v2\/types\/post"}],"author":[{"embeddable":true,"href":"https:\/\/plazajuarez.mx\/historico\/wp-json\/wp\/v2\/users\/80"}],"replies":[{"embeddable":true,"href":"https:\/\/plazajuarez.mx\/historico\/wp-json\/wp\/v2\/comments?post=127436"}],"version-history":[{"count":0,"href":"https:\/\/plazajuarez.mx\/historico\/wp-json\/wp\/v2\/posts\/127436\/revisions"}],"wp:attachment":[{"href":"https:\/\/plazajuarez.mx\/historico\/wp-json\/wp\/v2\/media?parent=127436"}],"wp:term":[{"taxonomy":"category","embeddable":true,"href":"https:\/\/plazajuarez.mx\/historico\/wp-json\/wp\/v2\/categories?post=127436"},{"taxonomy":"post_tag","embeddable":true,"href":"https:\/\/plazajuarez.mx\/historico\/wp-json\/wp\/v2\/tags?post=127436"}],"curies":[{"name":"wp","href":"https:\/\/api.w.org\/{rel}","templated":true}]}}