{"id":127429,"date":"2020-08-05T11:28:46","date_gmt":"2020-08-05T16:28:46","guid":{"rendered":"https:\/\/plazajuarez.mx\/?p=127429"},"modified":"2020-08-05T11:28:57","modified_gmt":"2020-08-05T16:28:57","slug":"katy-perry-y-portia-de-rossi-defienden-a-degeneres","status":"publish","type":"post","link":"https:\/\/plazajuarez.mx\/historico\/katy-perry-y-portia-de-rossi-defienden-a-degeneres\/","title":{"rendered":"Katy Perry y Portia de Rossi defienden a DeGeneres"},"content":{"rendered":"\n<ul class=\"wp-block-list\"><li><strong>DeGeneres pidi\u00f3 perd\u00f3n el pasado jueves a su equipo por todo lo ocurrido, y  la cantante Katy Perry ofreci\u00f3 su respaldo a la estrella televisiva.<\/strong><\/li><\/ul>\n\n\n\n<!--more-->\n\n\n\n<p>Katy Perry y Portia de Rossi defendieron en las redes sociales a Ellen DeGeneres, quien est\u00e1 en el centro de la pol\u00e9mica despu\u00e9s de que varios miembros del equipo de &#8220;The Ellen DeGeneres Show&#8221; denunciaran una cultura laboral &#8220;t\u00f3xica&#8221;, acoso profesional y racismo en este programa.<\/p>\n\n\n\n<p>DeGeneres pidi\u00f3 perd\u00f3n el pasado jueves a su equipo por todo lo ocurrido, y  la cantante Katy Perry ofreci\u00f3 su respaldo a la estrella televisiva.<\/p>\n\n\n\n<p>&#8220;S\u00e9 que no puedo hablar por nadie y que solo puedo hacerlo por mi propia experiencia, pero quiero reconocer que solo he tenido recuerdos positivos de mi tiempo en &#8216;The Ellen DeGeneres Show'&#8221;, dijo Perry en su cuenta de Twitter, donde tiene 108 millones de seguidores.<\/p>\n\n\n\n<p>&#8220;Creo que todos hemos sido testigos de la luz durante d\u00e9cadas. Te mando amor y un abrazo, amiga&#8221;, a\u00f1adi\u00f3.<\/p>\n\n\n\n<p>&#8220;Yo estoy con Ellen&#8221;, public\u00f3 De Rossi el lunes en Instagram en un mensaje en el que agradeci\u00f3 a los fans de su esposa.<\/p>\n","protected":false},"excerpt":{"rendered":"<p>DeGeneres pidi\u00f3 perd\u00f3n el pasado jueves a su equipo por todo lo ocurrido, y la cantante Katy Perry ofreci\u00f3 su respaldo a la estrella televisiva.<\/p>\n","protected":false},"author":80,"featured_media":0,"comment_status":"closed","ping_status":"open","sticky":false,"template":"","format":"standard","meta":{"footnotes":""},"categories":[38],"tags":[],"class_list":["post-127429","post","type-post","status-publish","format-standard","hentry","category-show"],"_links":{"self":[{"href":"https:\/\/plazajuarez.mx\/historico\/wp-json\/wp\/v2\/posts\/127429","targetHints":{"allow":["GET"]}}],"collection":[{"href":"https:\/\/plazajuarez.mx\/historico\/wp-json\/wp\/v2\/posts"}],"about":[{"href":"https:\/\/plazajuarez.mx\/historico\/wp-json\/wp\/v2\/types\/post"}],"author":[{"embeddable":true,"href":"https:\/\/plazajuarez.mx\/historico\/wp-json\/wp\/v2\/users\/80"}],"replies":[{"embeddable":true,"href":"https:\/\/plazajuarez.mx\/historico\/wp-json\/wp\/v2\/comments?post=127429"}],"version-history":[{"count":0,"href":"https:\/\/plazajuarez.mx\/historico\/wp-json\/wp\/v2\/posts\/127429\/revisions"}],"wp:attachment":[{"href":"https:\/\/plazajuarez.mx\/historico\/wp-json\/wp\/v2\/media?parent=127429"}],"wp:term":[{"taxonomy":"category","embeddable":true,"href":"https:\/\/plazajuarez.mx\/historico\/wp-json\/wp\/v2\/categories?post=127429"},{"taxonomy":"post_tag","embeddable":true,"href":"https:\/\/plazajuarez.mx\/historico\/wp-json\/wp\/v2\/tags?post=127429"}],"curies":[{"name":"wp","href":"https:\/\/api.w.org\/{rel}","templated":true}]}}