{"id":127427,"date":"2020-08-05T11:30:16","date_gmt":"2020-08-05T16:30:16","guid":{"rendered":"https:\/\/plazajuarez.mx\/?p=127427"},"modified":"2020-08-05T11:30:30","modified_gmt":"2020-08-05T16:30:30","slug":"neil-young-denuncia-a-trump-por-utilizar-sus-canciones","status":"publish","type":"post","link":"https:\/\/plazajuarez.mx\/historico\/neil-young-denuncia-a-trump-por-utilizar-sus-canciones\/","title":{"rendered":"Neil Young denuncia a Trump por utilizar sus canciones"},"content":{"rendered":"\n<ul class=\"wp-block-list\"><li><strong>Trump ha utilizado la m\u00fasica de Young durante a\u00f1os, incluyendo su campa\u00f1a electoral de 2016, apunt\u00f3 la denuncia<\/strong><\/li><\/ul>\n\n\n\n<!--more-->\n\n\n\n<p>La leyenda del rock Neil Young present\u00f3 una denuncia en un tribunal de Nueva York contra la campa\u00f1a para la reelecci\u00f3n de Donald Trump por utilizar sus canciones en sus m\u00edtines pol\u00edticos sin permiso del artista.<\/p>\n\n\n\n<p>La querella, publicada en la p\u00e1gina web de Young este martes, alega que la campa\u00f1a de Trump no ten\u00eda la licencia adecuada para reproducir sus canciones &#8220;Rockin&#8217; in the Free World&#8221; y &#8220;Devil&#8217;s Sidewalk&#8221; en un mitin el pasado 20 de junio en Tulsa (Oklahoma).<\/p>\n\n\n\n<p>&#8220;La denuncia no pretende faltar al respeto a los derechos ni a las opiniones de los ciudadanos estadounidenses, que son libres de apoyar al candidato que elijan&#8221;, subray\u00f3 el texto de la querella que se lee en la p\u00e1gina de Young.<\/p>\n\n\n\n<p>&#8220;Sin embargo, el denunciante no puede quedarse con la conciencia tranquila si permite que su m\u00fasica se use como tema principal para una campa\u00f1a divisiva y anti-estadounidense de ignorancia y odio&#8221;, agreg\u00f3.<\/p>\n\n\n\n<p>La querella fue presentada este martes en las cortes del distrito sur de Nueva York, situadas en Manhattan, seg\u00fan confirm\u00f3 el abogado de Young a los medios locales.<\/p>\n","protected":false},"excerpt":{"rendered":"<p>Trump ha utilizado la m\u00fasica de Young durante a\u00f1os, incluyendo su campa\u00f1a electoral de 2016, apunt\u00f3 la denuncia<\/p>\n","protected":false},"author":80,"featured_media":0,"comment_status":"closed","ping_status":"open","sticky":false,"template":"","format":"standard","meta":{"footnotes":""},"categories":[38],"tags":[],"class_list":["post-127427","post","type-post","status-publish","format-standard","hentry","category-show"],"_links":{"self":[{"href":"https:\/\/plazajuarez.mx\/historico\/wp-json\/wp\/v2\/posts\/127427","targetHints":{"allow":["GET"]}}],"collection":[{"href":"https:\/\/plazajuarez.mx\/historico\/wp-json\/wp\/v2\/posts"}],"about":[{"href":"https:\/\/plazajuarez.mx\/historico\/wp-json\/wp\/v2\/types\/post"}],"author":[{"embeddable":true,"href":"https:\/\/plazajuarez.mx\/historico\/wp-json\/wp\/v2\/users\/80"}],"replies":[{"embeddable":true,"href":"https:\/\/plazajuarez.mx\/historico\/wp-json\/wp\/v2\/comments?post=127427"}],"version-history":[{"count":0,"href":"https:\/\/plazajuarez.mx\/historico\/wp-json\/wp\/v2\/posts\/127427\/revisions"}],"wp:attachment":[{"href":"https:\/\/plazajuarez.mx\/historico\/wp-json\/wp\/v2\/media?parent=127427"}],"wp:term":[{"taxonomy":"category","embeddable":true,"href":"https:\/\/plazajuarez.mx\/historico\/wp-json\/wp\/v2\/categories?post=127427"},{"taxonomy":"post_tag","embeddable":true,"href":"https:\/\/plazajuarez.mx\/historico\/wp-json\/wp\/v2\/tags?post=127427"}],"curies":[{"name":"wp","href":"https:\/\/api.w.org\/{rel}","templated":true}]}}