{"id":127399,"date":"2020-08-05T10:40:37","date_gmt":"2020-08-05T15:40:37","guid":{"rendered":"https:\/\/plazajuarez.mx\/?p=127399"},"modified":"2020-08-05T10:40:51","modified_gmt":"2020-08-05T15:40:51","slug":"india-se-prepara-para-levantar-el-disputado-templo-al-dios-hindu-ram","status":"publish","type":"post","link":"https:\/\/plazajuarez.mx\/historico\/india-se-prepara-para-levantar-el-disputado-templo-al-dios-hindu-ram\/","title":{"rendered":"India se prepara para levantar el disputado templo al dios hind\u00fa Ram"},"content":{"rendered":"\n<ul class=\"wp-block-list\"><li><strong>Se levanta sobre los restos de una mezquita en Ayodhya (norte)<\/strong><\/li><\/ul>\n\n\n\n<!--more-->\n\n\n\n<p>Esto, tras d\u00e9cadas de disputa legal entre musulmanes e hind\u00faes. Para alzar el tempo, est\u00e1n convirtiendo la ciudad en una fortaleza.<\/p>\n\n\n\n<p>EFE.- A menos de un d\u00eda para que el primer ministro indio, Narendra Modi, coloque la primera piedra de un templo en honor al dios hind\u00fa Ram sobre los restos de una mezquita en Ayodhya (norte), tras d\u00e9cadas de disputa legal entre musulmanes e hind\u00faes, la ciudad se est\u00e1 convirtiendo en una fortaleza.<\/p>\n\n\n\n<p>Un complejo despliegue de efectivos, tanto de seguridad como sanitarios, pretende garantizar el orden en pleno avance del coronavirus, as\u00ed como evitar manifestaciones y protestas.<\/p>\n\n\n\n<p><strong>CEREMONIA PRESIDIDA POR MODI<\/strong><\/p>\n\n\n\n<p>Est\u00e1 previsto que Modi presida este mi\u00e9rcoles, con gran pompa pero ante un p\u00fablico selecto, la ceremonia que servir\u00e1 como punto de partida para la construcci\u00f3n de un templo dedicado al dios hind\u00fa Ram en la ciudad de Ayodhya, en el estado norte\u00f1o de Uttar Pradesh donde, seg\u00fan sus fieles, naci\u00f3 y rein\u00f3 la deidad.<\/p>\n\n\n\n<p>Lo har\u00e1 en el lugar donde antes se levantaba la mezquita del siglo XVI Babri, arrasada en 1992 por una horda de fan\u00e1ticos hinduistas que desataron a su paso una ola de choques entre hind\u00faes y musulmanes en los que murieron 2.000 personas.<\/p>\n","protected":false},"excerpt":{"rendered":"<p>Se levanta sobre los restos de una mezquita en Ayodhya (norte)<\/p>\n","protected":false},"author":80,"featured_media":0,"comment_status":"closed","ping_status":"open","sticky":false,"template":"","format":"standard","meta":{"footnotes":""},"categories":[31],"tags":[],"class_list":["post-127399","post","type-post","status-publish","format-standard","hentry","category-orbe"],"_links":{"self":[{"href":"https:\/\/plazajuarez.mx\/historico\/wp-json\/wp\/v2\/posts\/127399","targetHints":{"allow":["GET"]}}],"collection":[{"href":"https:\/\/plazajuarez.mx\/historico\/wp-json\/wp\/v2\/posts"}],"about":[{"href":"https:\/\/plazajuarez.mx\/historico\/wp-json\/wp\/v2\/types\/post"}],"author":[{"embeddable":true,"href":"https:\/\/plazajuarez.mx\/historico\/wp-json\/wp\/v2\/users\/80"}],"replies":[{"embeddable":true,"href":"https:\/\/plazajuarez.mx\/historico\/wp-json\/wp\/v2\/comments?post=127399"}],"version-history":[{"count":0,"href":"https:\/\/plazajuarez.mx\/historico\/wp-json\/wp\/v2\/posts\/127399\/revisions"}],"wp:attachment":[{"href":"https:\/\/plazajuarez.mx\/historico\/wp-json\/wp\/v2\/media?parent=127399"}],"wp:term":[{"taxonomy":"category","embeddable":true,"href":"https:\/\/plazajuarez.mx\/historico\/wp-json\/wp\/v2\/categories?post=127399"},{"taxonomy":"post_tag","embeddable":true,"href":"https:\/\/plazajuarez.mx\/historico\/wp-json\/wp\/v2\/tags?post=127399"}],"curies":[{"name":"wp","href":"https:\/\/api.w.org\/{rel}","templated":true}]}}