{"id":127395,"date":"2020-08-05T10:36:37","date_gmt":"2020-08-05T15:36:37","guid":{"rendered":"https:\/\/plazajuarez.mx\/?p=127395"},"modified":"2020-08-05T10:36:48","modified_gmt":"2020-08-05T15:36:48","slug":"siete-operas-prima-y-cuatro-segundos-filmes-en-new-directors","status":"publish","type":"post","link":"https:\/\/plazajuarez.mx\/historico\/siete-operas-prima-y-cuatro-segundos-filmes-en-new-directors\/","title":{"rendered":"Siete \u00f3peras prima y cuatro segundos filmes, en New Directors"},"content":{"rendered":"\n<ul class=\"wp-block-list\"><li><strong>Los t\u00edtulos que competir\u00e1n por el Premio Kutxabank-New Directors se han dado a conocer este martes<\/strong><\/li><\/ul>\n\n\n\n<!--more-->\n\n\n\n<p>Siete \u00f3peras prima y cuatro segundas pel\u00edculas participar\u00e1n en la secci\u00f3n New Directors del 68 Festival de San Sebasti\u00e1n, producidas o coproducidas por Brasil, China, Corea del Sur, Jap\u00f3n, Vietnam, Francia, Holanda, Irlanda, Polonia, Reino Unido, Rusia y Espa\u00f1a.<\/p>\n\n\n\n<p>Los t\u00edtulos que competir\u00e1n por el Premio Kutxabank-New Directors se han dado a conocer este martes en una rueda de prensa en la que el director del certamen, Jos\u00e9 Luis Rebordinos, ha dicho que entre quienes debutan en el largometraje hay cuatro cineastas con proyectos gestados, premiados o programados anteriormente en el Festival de San Sebasti\u00e1n.<\/p>\n\n\n\n<p>Es el caso de la realizadora Isabel Lamberti, nacida en Alemania y criada en Espa\u00f1a y Holanda, que gan\u00f3 uno de los premios de la secci\u00f3n Nest con su corto &#8220;Volando voy&#8221;, y de David P\u00e9rez, que present\u00f3 en Zinemira el cortometraje &#8220;Aprieta pero raramente ahoga&#8221;.<\/p>\n\n\n\n<p>La primera acude ahora con &#8220;La \u00faltima primavera&#8221; y el bilba\u00edno con &#8220;Ane&#8221;, dos trabajos con producci\u00f3n espa\u00f1ola, al igual que &#8220;Hil kanpaiak (Campanadas a muerto)&#8221;, segundo largometraje del navarro Imanol Rayo, los tres ya anunciados la semana pasada cuando se presentaron las pel\u00edculas espa\u00f1olas de esta edici\u00f3n, que se celebrar\u00e1 del 18 al 26 de septiembre.<\/p>\n\n\n\n<p>El brasile\u00f1o Jo\u00e2o Paulo Miranda Maria, que obtuvo el premio de los distribuidores y exhibidores europeos en Cine en Construcci\u00f3n 37 (apartado que hasta el pasado a\u00f1o el Zinemaldia organiz\u00f3 con el Festival de Toulouse), mostrar\u00e1 &#8220;Casa de antig\u00fcedades&#8221;, una espiritual y fant\u00e1stica historia que capta las tensiones sociales y raciales del Brasil actual.<\/p>\n\n\n\n<p>Por su parte, el ruso Grigory Kolomytsev, que particip\u00f3 en las residencias de Ikusmira Berriak del centro de cultura contempor\u00e1nea donostiarra Tabakalera en 2018, narra en &#8220;Chupacabra&#8221; el hallazgo de una criatura m\u00edstica por parte de un ni\u00f1o.<\/p>\n\n\n\n<p>Tambi\u00e9n figura entre los debutantes la coreana Kim Mi-jo, galardonada recientemente con el Gran Premio del Festival de Jeonju, que acude con &#8220;Gull&#8221;, historia de una mujer madura v\u00edctima de una violaci\u00f3n.<\/p>\n","protected":false},"excerpt":{"rendered":"<p>Los t\u00edtulos que competir\u00e1n por el Premio Kutxabank-New Directors se han dado a conocer este martes<\/p>\n","protected":false},"author":80,"featured_media":0,"comment_status":"closed","ping_status":"open","sticky":false,"template":"","format":"standard","meta":{"footnotes":""},"categories":[41],"tags":[],"class_list":["post-127395","post","type-post","status-publish","format-standard","hentry","category-arteria-cultural"],"_links":{"self":[{"href":"https:\/\/plazajuarez.mx\/historico\/wp-json\/wp\/v2\/posts\/127395","targetHints":{"allow":["GET"]}}],"collection":[{"href":"https:\/\/plazajuarez.mx\/historico\/wp-json\/wp\/v2\/posts"}],"about":[{"href":"https:\/\/plazajuarez.mx\/historico\/wp-json\/wp\/v2\/types\/post"}],"author":[{"embeddable":true,"href":"https:\/\/plazajuarez.mx\/historico\/wp-json\/wp\/v2\/users\/80"}],"replies":[{"embeddable":true,"href":"https:\/\/plazajuarez.mx\/historico\/wp-json\/wp\/v2\/comments?post=127395"}],"version-history":[{"count":0,"href":"https:\/\/plazajuarez.mx\/historico\/wp-json\/wp\/v2\/posts\/127395\/revisions"}],"wp:attachment":[{"href":"https:\/\/plazajuarez.mx\/historico\/wp-json\/wp\/v2\/media?parent=127395"}],"wp:term":[{"taxonomy":"category","embeddable":true,"href":"https:\/\/plazajuarez.mx\/historico\/wp-json\/wp\/v2\/categories?post=127395"},{"taxonomy":"post_tag","embeddable":true,"href":"https:\/\/plazajuarez.mx\/historico\/wp-json\/wp\/v2\/tags?post=127395"}],"curies":[{"name":"wp","href":"https:\/\/api.w.org\/{rel}","templated":true}]}}