{"id":127393,"date":"2020-08-05T10:36:09","date_gmt":"2020-08-05T15:36:09","guid":{"rendered":"https:\/\/plazajuarez.mx\/?p=127393"},"modified":"2020-08-05T10:36:32","modified_gmt":"2020-08-05T15:36:32","slug":"fito-paez-escribe-una-honesta-autobiografia","status":"publish","type":"post","link":"https:\/\/plazajuarez.mx\/historico\/fito-paez-escribe-una-honesta-autobiografia\/","title":{"rendered":"Fito P\u00e1ez escribe una &#8220;honesta&#8221; autobiograf\u00eda"},"content":{"rendered":"\n<ul class=\"wp-block-list\"><li><strong>\u201cLa estoy armando de a poco, muy despacio. Llev\u00f3 m\u00e1s de dos meses investigando&#8221;<\/strong><\/li><\/ul>\n\n\n\n<!--more-->\n\n\n\n<p>La historia del rock en espa\u00f1ol, los excesos de una juventud en los 70, la pol\u00edtica en la Argentina de sus primeros a\u00f1os o las alegr\u00edas y las tragedias de su vida son algunas de las cosas que contar\u00e1 el cantautor Fito P\u00e1ez en la primera parte de una autobiograf\u00eda que est\u00e1 escribiendo y espera publicar en 2021.<\/p>\n\n\n\n<p>&#8220;Es un &#8216;puzzle&#8217; (un rompecabezas). La estoy armando de a poco, muy despacio. Llev\u00f3 m\u00e1s de dos meses investigando&#8221;, adelant\u00f3 P\u00e1ez a Efe en una videollamada desde la biblioteca de su casa en Buenos Aires.<\/p>\n\n\n\n<p>Con sus famosos rizos despeinados y una divertida camiseta roja en la que Mozart se ve tocando un sintetizador, P\u00e1ez afirm\u00f3 que no tiene intenciones de guardarse nada en este proyecto literario que abordar\u00e1 su vida. Ni siquiera, asegur\u00f3, lo que lo haga quedar mal.<\/p>\n\n\n\n<p>&#8220;Y s\u00ed, lo que m\u00e1s interesa es contar las fallas, los errores. Las cosas que no han funcionado. Las cosas dolorosas, lo que ha salido mal. Pero no va a ser algo necesariamente dram\u00e1tico todo el tiempo. Es una perspectiva tambi\u00e9n con humor. Pero s\u00ed, lo estoy contando todo&#8221;, dijo.<\/p>\n\n\n\n<p>Reconoce, sin embargo, que su vida s\u00ed que ha sido m\u00e1s loca que la de muchos, pero en medio de todo eso &#8220;fue hermoso empezar a investigar&#8221; sobre su familia, su relaci\u00f3n y aprender m\u00e1s detalles sobre los lugares donde ocurrieron las cosas que lo hacen quien es.<\/p>\n\n\n\n<p>La mayor parte de este proceso la ha realizado en el encierro de la pandemia con conversaciones que ha tenido &#8220;por (la plataforma de video) Zoom y por tel\u00e9fono y ha sido una experiencia b\u00e1rbara&#8221; y &#8220;muy rica en todo sentido&#8221;, confes\u00f3.<\/p>\n\n\n\n<p>Justamente, el confinamiento agarr\u00f3 a P\u00e1ez listo para presentar su m\u00e1s reciente disco, \u201cLa conquista del espacio\u201d. Ten\u00eda ya todo listo para lanzarlo en su ciudad natal de Rosario y el d\u00eda de su cumplea\u00f1os, pero, como record\u00f3, &#8220;las autoridades de la ciudad suspendieron el recital a \u00faltimo momento&#8221;.<\/p>\n\n\n\n<p>P\u00e1ez, quien cumpli\u00f3 57 a\u00f1os ese primer d\u00eda de cuarentena, el 13 de marzo, pronto decidi\u00f3 que su trabajo era acompa\u00f1ar a la gente y desde entonces ha dado varias presentaciones en vivo en sus redes sociales, si bien cree que &#8220;no es para nada lo mismo&#8221;, pues s\u00ed que &#8220;hace falta la energ\u00eda del p\u00fablico\u201d.<\/p>\n\n\n\n<p>Sin embargo, toda esa energ\u00eda termin\u00f3 desemboc\u00e1ndose en la autobiograf\u00eda, que ya hab\u00eda decidido escribir en 2019.<\/p>\n","protected":false},"excerpt":{"rendered":"<p>\u201cLa estoy armando de a poco, muy despacio. Llev\u00f3 m\u00e1s de dos meses investigando&#8221;<\/p>\n","protected":false},"author":80,"featured_media":0,"comment_status":"closed","ping_status":"open","sticky":false,"template":"","format":"standard","meta":{"footnotes":""},"categories":[41],"tags":[],"class_list":["post-127393","post","type-post","status-publish","format-standard","hentry","category-arteria-cultural"],"_links":{"self":[{"href":"https:\/\/plazajuarez.mx\/historico\/wp-json\/wp\/v2\/posts\/127393","targetHints":{"allow":["GET"]}}],"collection":[{"href":"https:\/\/plazajuarez.mx\/historico\/wp-json\/wp\/v2\/posts"}],"about":[{"href":"https:\/\/plazajuarez.mx\/historico\/wp-json\/wp\/v2\/types\/post"}],"author":[{"embeddable":true,"href":"https:\/\/plazajuarez.mx\/historico\/wp-json\/wp\/v2\/users\/80"}],"replies":[{"embeddable":true,"href":"https:\/\/plazajuarez.mx\/historico\/wp-json\/wp\/v2\/comments?post=127393"}],"version-history":[{"count":0,"href":"https:\/\/plazajuarez.mx\/historico\/wp-json\/wp\/v2\/posts\/127393\/revisions"}],"wp:attachment":[{"href":"https:\/\/plazajuarez.mx\/historico\/wp-json\/wp\/v2\/media?parent=127393"}],"wp:term":[{"taxonomy":"category","embeddable":true,"href":"https:\/\/plazajuarez.mx\/historico\/wp-json\/wp\/v2\/categories?post=127393"},{"taxonomy":"post_tag","embeddable":true,"href":"https:\/\/plazajuarez.mx\/historico\/wp-json\/wp\/v2\/tags?post=127393"}],"curies":[{"name":"wp","href":"https:\/\/api.w.org\/{rel}","templated":true}]}}