{"id":127391,"date":"2020-08-05T10:33:24","date_gmt":"2020-08-05T15:33:24","guid":{"rendered":"https:\/\/plazajuarez.mx\/?p=127391"},"modified":"2020-08-05T10:33:42","modified_gmt":"2020-08-05T15:33:42","slug":"vinculan-a-proceso-a-los-cuatro-asaltantes-de-coppel","status":"publish","type":"post","link":"https:\/\/plazajuarez.mx\/historico\/vinculan-a-proceso-a-los-cuatro-asaltantes-de-coppel\/","title":{"rendered":"Vinculan a proceso a los cuatro asaltantes de Coppel"},"content":{"rendered":"\n<ul class=\"wp-block-list\"><li><strong>Van por asalto equiparado agravado y robo, en una tienda departamental de Ixmiquilpan<\/strong><\/li><\/ul>\n\n\n\n<!--more-->\n\n\n\n<p>La Procuradur\u00eda General de Justicia del estado de Hidalgo logr\u00f3 la vinculaci\u00f3n a proceso de cuatro hombres, por asalto equiparado agravado y robo a una tienda comercial en Ixmiquilpan.<\/p>\n\n\n\n<p>El 27 de julio, Alexis Antonio \u201cN\u201d, Brandon Steeven \u201cN\u201d, Ja\u00edr Gustavo \u201cN\u201d y Jos\u00e9 Luis \u201cN\u201d, ingresaron a una tienda en avenida Insurgentes, de El Fitzhi.<\/p>\n\n\n\n<p>Los cuatro amagaron a la v\u00edctima, para apoderarse de equipos de telefon\u00eda celular, as\u00ed como dinero en efectivo, propiedad de \u201cCoppel\u201d.<\/p>\n\n\n\n<p>Luego huyeron en una motocicleta y un autom\u00f3vil, una persona alert\u00f3 a las autoridades, e iniciaron un operativo de localizaci\u00f3n.<\/p>\n\n\n\n<p>Con acciones apoyadas por C5i y con autoridades del Estado de M\u00e9xico, los cuatro fueron localizados en Huehuetoca.<\/p>\n\n\n\n<p>PGJEH reuni\u00f3 datos de prueba necesarios en contra de los probables y posteriormente los present\u00f3 a la autoridad judicial, quien dict\u00f3 la vinculaci\u00f3n a proceso de Alexis Antonio \u201cN\u201d, Brandon Steeven \u201cN\u201d, Ja\u00edr Gustavo \u201cN\u201d y Jos\u00e9 Luis \u201cN\u201d.<\/p>\n\n\n\n<p>Se estableci\u00f3 un plazo de tres meses para el cierre de la investigaci\u00f3n complementaria. Los probables actualmente cumplen la medida cautelar de prisi\u00f3n preventiva.<\/p>\n","protected":false},"excerpt":{"rendered":"<p>Van por asalto equiparado agravado y robo, en una tienda departamental de Ixmiquilpan<\/p>\n","protected":false},"author":93,"featured_media":0,"comment_status":"closed","ping_status":"open","sticky":false,"template":"","format":"standard","meta":{"footnotes":""},"categories":[37],"tags":[],"class_list":["post-127391","post","type-post","status-publish","format-standard","hentry","category-barandilla"],"_links":{"self":[{"href":"https:\/\/plazajuarez.mx\/historico\/wp-json\/wp\/v2\/posts\/127391","targetHints":{"allow":["GET"]}}],"collection":[{"href":"https:\/\/plazajuarez.mx\/historico\/wp-json\/wp\/v2\/posts"}],"about":[{"href":"https:\/\/plazajuarez.mx\/historico\/wp-json\/wp\/v2\/types\/post"}],"author":[{"embeddable":true,"href":"https:\/\/plazajuarez.mx\/historico\/wp-json\/wp\/v2\/users\/93"}],"replies":[{"embeddable":true,"href":"https:\/\/plazajuarez.mx\/historico\/wp-json\/wp\/v2\/comments?post=127391"}],"version-history":[{"count":0,"href":"https:\/\/plazajuarez.mx\/historico\/wp-json\/wp\/v2\/posts\/127391\/revisions"}],"wp:attachment":[{"href":"https:\/\/plazajuarez.mx\/historico\/wp-json\/wp\/v2\/media?parent=127391"}],"wp:term":[{"taxonomy":"category","embeddable":true,"href":"https:\/\/plazajuarez.mx\/historico\/wp-json\/wp\/v2\/categories?post=127391"},{"taxonomy":"post_tag","embeddable":true,"href":"https:\/\/plazajuarez.mx\/historico\/wp-json\/wp\/v2\/tags?post=127391"}],"curies":[{"name":"wp","href":"https:\/\/api.w.org\/{rel}","templated":true}]}}