{"id":127389,"date":"2020-08-05T10:34:24","date_gmt":"2020-08-05T15:34:24","guid":{"rendered":"https:\/\/plazajuarez.mx\/?p=127389"},"modified":"2020-08-05T10:34:44","modified_gmt":"2020-08-05T15:34:44","slug":"localizan-a-shaylin-torres-nava-ya-esta-con-su-familia","status":"publish","type":"post","link":"https:\/\/plazajuarez.mx\/historico\/localizan-a-shaylin-torres-nava-ya-esta-con-su-familia\/","title":{"rendered":"Localizan a Shaylin Torres Nava; ya est\u00e1 con su familia"},"content":{"rendered":"\n<ul class=\"wp-block-list\"><li><strong>Fue reportada como desaparecida en el municipio de Pachuca el 1\u00b0 de agosto.<\/strong><\/li><\/ul>\n\n\n\n<!--more-->\n\n\n\n<p>Derivado de labores de inteligencia e investigaci\u00f3n realizadas por parte del personal de la Comisi\u00f3n de B\u00fasqueda de Personas del Estado de Hidalgo en coordinaci\u00f3n con la Polic\u00eda Investigadora, se localiz\u00f3 a la menor de edad Shaylin Torres Nava de 15 a\u00f1os, quien fue reportada como desaparecida en el municipio de Pachuca el 1\u00b0 de agosto.<\/p>\n\n\n\n<p>La joven sali\u00f3 de su casa en el fraccionamiento Real de Toledo, el s\u00e1bado a las 07:00 horas, fue localizada en esta capital hidalguense, preliminarmente se observa con un \u00f3ptimo estado de salud.<\/p>\n\n\n\n<p>Las autoridades respectivas contin\u00faan con los procedimientos correspondientes a efecto de brindar una atenci\u00f3n integral a la menor de edad.<\/p>\n","protected":false},"excerpt":{"rendered":"<p>Fue reportada como desaparecida en el municipio de Pachuca el 1\u00b0 de agosto.<\/p>\n","protected":false},"author":93,"featured_media":0,"comment_status":"closed","ping_status":"open","sticky":false,"template":"","format":"standard","meta":{"footnotes":""},"categories":[37],"tags":[],"class_list":["post-127389","post","type-post","status-publish","format-standard","hentry","category-barandilla"],"_links":{"self":[{"href":"https:\/\/plazajuarez.mx\/historico\/wp-json\/wp\/v2\/posts\/127389","targetHints":{"allow":["GET"]}}],"collection":[{"href":"https:\/\/plazajuarez.mx\/historico\/wp-json\/wp\/v2\/posts"}],"about":[{"href":"https:\/\/plazajuarez.mx\/historico\/wp-json\/wp\/v2\/types\/post"}],"author":[{"embeddable":true,"href":"https:\/\/plazajuarez.mx\/historico\/wp-json\/wp\/v2\/users\/93"}],"replies":[{"embeddable":true,"href":"https:\/\/plazajuarez.mx\/historico\/wp-json\/wp\/v2\/comments?post=127389"}],"version-history":[{"count":0,"href":"https:\/\/plazajuarez.mx\/historico\/wp-json\/wp\/v2\/posts\/127389\/revisions"}],"wp:attachment":[{"href":"https:\/\/plazajuarez.mx\/historico\/wp-json\/wp\/v2\/media?parent=127389"}],"wp:term":[{"taxonomy":"category","embeddable":true,"href":"https:\/\/plazajuarez.mx\/historico\/wp-json\/wp\/v2\/categories?post=127389"},{"taxonomy":"post_tag","embeddable":true,"href":"https:\/\/plazajuarez.mx\/historico\/wp-json\/wp\/v2\/tags?post=127389"}],"curies":[{"name":"wp","href":"https:\/\/api.w.org\/{rel}","templated":true}]}}