{"id":127388,"date":"2020-08-05T10:32:51","date_gmt":"2020-08-05T15:32:51","guid":{"rendered":"https:\/\/plazajuarez.mx\/?p=127388"},"modified":"2020-08-05T10:33:04","modified_gmt":"2020-08-05T15:33:04","slug":"con-un-feretro-exigen-libertad-de-juan-carlos-monroy-en-juzgados","status":"publish","type":"post","link":"https:\/\/plazajuarez.mx\/historico\/con-un-feretro-exigen-libertad-de-juan-carlos-monroy-en-juzgados\/","title":{"rendered":"Con un f\u00e9retro, exigen libertad de Juan Carlos Monroy en juzgados"},"content":{"rendered":"\n<ul class=\"wp-block-list\"><li><strong>La madre del imputado, exige mismo trato que autoridades le han dado a Emilio Lozaya<\/strong><\/li><\/ul>\n\n\n\n<!--more-->\n\n\n\n<p>Al grito de &#8220;Juan Carlos es inocente&#8221; y &#8220;justicia&#8221;, un grupo de personas se manifestaron en el juzgado cuarto de distrito en Pachuca para exigir liberaci\u00f3n de Juan Carlos Monroy Mart\u00ednez, a quien se le acusa, seg\u00fan su madre de manera injusta de asesinato. Denuncian que hay&nbsp; enfermos de Covid 19 en el&nbsp; Penal de Pachuca.<\/p>\n\n\n\n<p>Patricia Mart\u00ednez Ruiz, madre del imputado exigi\u00f3 el mismo trato que las autoridades le han dado a Emilio Lozaya, &#8220;quiero que mi hijo tenga los beneficios que tuvo Lozoya, tambi\u00e9n tiene derecho de llevar su proceso en casa. Que los beneficios del rico tambi\u00e9n sean para el pobre&#8221;.<\/p>\n\n\n\n<p>Acompa\u00f1ada de familiares y amigos, quienes llevaban un f\u00e9retro y pancartas, la mujer acus\u00f3 graves irregularidades en la carpeta de investigaci\u00f3n, as\u00ed como actos intimidatorios y de tortura.<\/p>\n\n\n\n<p>Patricia Mart\u00ednez asever\u00f3 que desde diciembre su hijo fue detenido acusado de disparar un arma en contra de un joven quien falleci\u00f3. Los hechos sucedieron en el bar Silvana de la capital del estado.<\/p>\n\n\n\n<p>Asever\u00f3 que los hechos ocurrieron en diciembre y su hijo fue detenido 10 d\u00edas despu\u00e9s acusado de manera injusta, ya que, precis\u00f3, este se encontraba a m\u00e1s de 15 metros del asesinato, como consta en la periciales.<\/p>\n\n\n\n<p>El joven dijo que sufre de varios problemas de salud como diabetes juvenil y un trasplante que se le hizo hace algunos meses.<\/p>\n\n\n\n<p>&#8220;Ha sido un largo peregrinar en una carpeta demasiado manipulada, llena de inconsistencias en donde \u00e9l ha tenido que pagar las consecuencias en el centro donde ha sido golpeado y a causa de esto lo dejaron ciego 15 d\u00edas, adem\u00e1s de aislarlo y no suministrarle su medicamento&#8221;.<\/p>\n\n\n\n<p>Tambi\u00e9n acus\u00f3 que debido al problema de salud de su hijo es altamente vulnerable para un contagio de Covid-19.<\/p>\n\n\n\n<p>Finalmente asegur\u00f3, &#8220;Yo lo voy a sacar vivo, a mi hijo me lo llev\u00f3 vivo, no me lo voy a llevar en un ata\u00fad&#8221;.<\/p>\n","protected":false},"excerpt":{"rendered":"<p>La madre del imputado, exige mismo trato que autoridades le han dado a Emilio Lozaya<\/p>\n","protected":false},"author":81,"featured_media":0,"comment_status":"closed","ping_status":"open","sticky":false,"template":"","format":"standard","meta":{"footnotes":""},"categories":[37],"tags":[],"class_list":["post-127388","post","type-post","status-publish","format-standard","hentry","category-barandilla"],"_links":{"self":[{"href":"https:\/\/plazajuarez.mx\/historico\/wp-json\/wp\/v2\/posts\/127388","targetHints":{"allow":["GET"]}}],"collection":[{"href":"https:\/\/plazajuarez.mx\/historico\/wp-json\/wp\/v2\/posts"}],"about":[{"href":"https:\/\/plazajuarez.mx\/historico\/wp-json\/wp\/v2\/types\/post"}],"author":[{"embeddable":true,"href":"https:\/\/plazajuarez.mx\/historico\/wp-json\/wp\/v2\/users\/81"}],"replies":[{"embeddable":true,"href":"https:\/\/plazajuarez.mx\/historico\/wp-json\/wp\/v2\/comments?post=127388"}],"version-history":[{"count":0,"href":"https:\/\/plazajuarez.mx\/historico\/wp-json\/wp\/v2\/posts\/127388\/revisions"}],"wp:attachment":[{"href":"https:\/\/plazajuarez.mx\/historico\/wp-json\/wp\/v2\/media?parent=127388"}],"wp:term":[{"taxonomy":"category","embeddable":true,"href":"https:\/\/plazajuarez.mx\/historico\/wp-json\/wp\/v2\/categories?post=127388"},{"taxonomy":"post_tag","embeddable":true,"href":"https:\/\/plazajuarez.mx\/historico\/wp-json\/wp\/v2\/tags?post=127388"}],"curies":[{"name":"wp","href":"https:\/\/api.w.org\/{rel}","templated":true}]}}