{"id":127361,"date":"2020-08-05T08:25:55","date_gmt":"2020-08-05T13:25:55","guid":{"rendered":"https:\/\/plazajuarez.mx\/?p=127361"},"modified":"2020-08-05T08:26:11","modified_gmt":"2020-08-05T13:26:11","slug":"sanitizan-avenidas-y-calles-de-la-cabecera-municipal-y-comunidades-en-emiliano-zapata","status":"publish","type":"post","link":"https:\/\/plazajuarez.mx\/historico\/sanitizan-avenidas-y-calles-de-la-cabecera-municipal-y-comunidades-en-emiliano-zapata\/","title":{"rendered":"Sanitizan avenidas y calles de la cabecera municipal y comunidades en Emiliano Zapata"},"content":{"rendered":"\n<ul class=\"wp-block-list\"><li><strong>El personal\u00a0 que lleva a cabo estas labores de desinfecci\u00f3n utiliza trajes especiales, mascarillas, guantes y equipo de protecci\u00f3n especial,\u00a0 para esparcir el l\u00edquido desinfectante<\/strong><\/li><\/ul>\n\n\n\n<!--more-->\n\n\n\n<p><strong>Emiliano Zapata<\/strong>.- Ante el aumento de casos positivos de la Covid-19 y por indicaciones del alcalde, Antonio Espinoza Espinoza, la direcci\u00f3n de Protecci\u00f3n Civil, retom\u00f3 las sanitizaciones de las principales avenidas y calles de la cabecera municipal, as\u00ed como de espacios p\u00fablicos y comunidades.\u00a0<\/p>\n\n\n\n<p>Los trabajos son llevados a cabo por personal de la direcci\u00f3n de Protecci\u00f3n Civil del municipio, que cuentan con la capacitaci\u00f3n en el manejo de los qu\u00edmicos que se usan en la sanitizaci\u00f3n y desinfecci\u00f3n.<\/p>\n\n\n\n<p>El jefe del Ejecutivo municipal se\u00f1al\u00f3 que la campa\u00f1a se est\u00e1 realizando en todos los espacios p\u00fablicos de la cabecera municipal y en sus tres comunidades.<\/p>\n\n\n\n<p>El personal&nbsp; que lleva a cabo estas labores de desinfecci\u00f3n utiliza trajes especiales, mascarillas, guantes y equipo de protecci\u00f3n especial,&nbsp; para esparcir el l\u00edquido desinfectante a base de cloro y los cuales son custodiados por elementos de Seguridad P\u00fablica del Municipio, quienes hacen las recomendaciones necesarias a la poblaci\u00f3n para evitar exponerse&nbsp; que este producto los llegue a intoxicar.<\/p>\n","protected":false},"excerpt":{"rendered":"<p>El personal\u00a0 que lleva a cabo estas labores de desinfecci\u00f3n utiliza trajes especiales, mascarillas, guantes y equipo de protecci\u00f3n especial,\u00a0 para esparcir el l\u00edquido desinfectante<\/p>\n","protected":false},"author":69,"featured_media":0,"comment_status":"closed","ping_status":"open","sticky":false,"template":"","format":"standard","meta":{"footnotes":""},"categories":[40],"tags":[],"class_list":["post-127361","post","type-post","status-publish","format-standard","hentry","category-region"],"_links":{"self":[{"href":"https:\/\/plazajuarez.mx\/historico\/wp-json\/wp\/v2\/posts\/127361","targetHints":{"allow":["GET"]}}],"collection":[{"href":"https:\/\/plazajuarez.mx\/historico\/wp-json\/wp\/v2\/posts"}],"about":[{"href":"https:\/\/plazajuarez.mx\/historico\/wp-json\/wp\/v2\/types\/post"}],"author":[{"embeddable":true,"href":"https:\/\/plazajuarez.mx\/historico\/wp-json\/wp\/v2\/users\/69"}],"replies":[{"embeddable":true,"href":"https:\/\/plazajuarez.mx\/historico\/wp-json\/wp\/v2\/comments?post=127361"}],"version-history":[{"count":0,"href":"https:\/\/plazajuarez.mx\/historico\/wp-json\/wp\/v2\/posts\/127361\/revisions"}],"wp:attachment":[{"href":"https:\/\/plazajuarez.mx\/historico\/wp-json\/wp\/v2\/media?parent=127361"}],"wp:term":[{"taxonomy":"category","embeddable":true,"href":"https:\/\/plazajuarez.mx\/historico\/wp-json\/wp\/v2\/categories?post=127361"},{"taxonomy":"post_tag","embeddable":true,"href":"https:\/\/plazajuarez.mx\/historico\/wp-json\/wp\/v2\/tags?post=127361"}],"curies":[{"name":"wp","href":"https:\/\/api.w.org\/{rel}","templated":true}]}}