{"id":127210,"date":"2020-08-04T08:05:44","date_gmt":"2020-08-04T13:05:44","guid":{"rendered":"https:\/\/plazajuarez.mx\/?p=127210"},"modified":"2020-08-04T08:05:56","modified_gmt":"2020-08-04T13:05:56","slug":"division-entre-cooperativistas-de-la-cruz-azul","status":"publish","type":"post","link":"https:\/\/plazajuarez.mx\/historico\/division-entre-cooperativistas-de-la-cruz-azul\/","title":{"rendered":"Divisi\u00f3n entre cooperativistas de La Cruz Azul"},"content":{"rendered":"\n<ul class=\"wp-block-list\"><li><strong>Uno celebran la renuncia de Guillermo \u00c1lvarez Cuevas como director general; otros le expresan su apoyo y solidaridad<\/strong><\/li><\/ul>\n\n\n\n<!--more-->\n\n\n\n<p><strong> Tula de Allende.-<\/strong> Las riendas de la empresa las llevar\u00e1 el Comit\u00e9 de la Junta de Gobierno conformada por los delegados<\/p>\n\n\n\n<p>Cooperativistas siguen divididos: unos celebran la renuncia de Guillermo \u00c1lvarez Cuevas como director general de la cooperativa La Cruz Azul, mientras que otros le expresan su apoyo y solidaridad en el proceso judicial que enfrenta.<\/p>\n\n\n\n<p>Un grupo de socios que pidi\u00f3 no ser mencionados por su nombre para evitar agresiones por parte del otro grupo al que llaman \u201cdisidente\u201d, manifestaron que lamentaban la salida de \u00c1lvarez Cuevas y que le expresaban su apoyo, con la confianza de que su situaci\u00f3n jur\u00eddica sea aclarada por las autoridades lo antes posible y con ello no dar paso a especulaciones que s\u00f3lo lesionan la imagen de la cooperativa La Cruz Azul S.C.L.<\/p>\n\n\n\n<p>El ahora ex director de la cementera present\u00f3 su renuncia al cargo luego de que a petici\u00f3n de la Fiscal\u00eda General de la Rep\u00fablica (FGR), un juez federal en el Estado de M\u00e9xico girar\u00e1 una orden de aprehensi\u00f3n en su contra por los presuntos delitos de delincuencia organizada y uso de recursos de procedencia il\u00edcita.<\/p>\n\n\n\n<p>Las riendas de la empresa las llevar\u00e1 el Comit\u00e9 de la Junta de Gobierno conformada por los delegados.<\/p>\n\n\n\n<p>Mencionaron que mientras se realiza la asamblea general de socios el Comit\u00e9 de la Junta de Gobierno qued\u00f3 integrada por V\u00edctor Luna Res\u00e9ndiz, Jorge Fern\u00e1ndez Rodr\u00edguez, Esteban Ruiz Rojo, Ra\u00fal Enr\u00edquez L\u00f3pez y No\u00e9 Calvo Morales para las \u00e1reas de la Ciudad de M\u00e9xico, mientras que para la planta de Hidalgo fueron nombrados Alfredo Rangel D\u00edaz, Sergio Rodr\u00edguez Reyes, Federico Sarabia Pozo y Rams\u00e9s Dolores y para la planta de Lagunas, Oaxaca dieron a conocer los nombres de&nbsp; Pablo Res\u00e9ndiz Garc\u00eda, Jes\u00fas Tolentino, Daniel Salinas y C\u00e9sar Hern\u00e1ndez.&nbsp;<\/p>\n","protected":false},"excerpt":{"rendered":"<p>Uno celebran la renuncia de Guillermo \u00c1lvarez Cuevas como director general; otros le expresan su apoyo y solidaridad<\/p>\n","protected":false},"author":71,"featured_media":0,"comment_status":"closed","ping_status":"open","sticky":false,"template":"","format":"standard","meta":{"footnotes":""},"categories":[40],"tags":[],"class_list":["post-127210","post","type-post","status-publish","format-standard","hentry","category-region"],"_links":{"self":[{"href":"https:\/\/plazajuarez.mx\/historico\/wp-json\/wp\/v2\/posts\/127210","targetHints":{"allow":["GET"]}}],"collection":[{"href":"https:\/\/plazajuarez.mx\/historico\/wp-json\/wp\/v2\/posts"}],"about":[{"href":"https:\/\/plazajuarez.mx\/historico\/wp-json\/wp\/v2\/types\/post"}],"author":[{"embeddable":true,"href":"https:\/\/plazajuarez.mx\/historico\/wp-json\/wp\/v2\/users\/71"}],"replies":[{"embeddable":true,"href":"https:\/\/plazajuarez.mx\/historico\/wp-json\/wp\/v2\/comments?post=127210"}],"version-history":[{"count":0,"href":"https:\/\/plazajuarez.mx\/historico\/wp-json\/wp\/v2\/posts\/127210\/revisions"}],"wp:attachment":[{"href":"https:\/\/plazajuarez.mx\/historico\/wp-json\/wp\/v2\/media?parent=127210"}],"wp:term":[{"taxonomy":"category","embeddable":true,"href":"https:\/\/plazajuarez.mx\/historico\/wp-json\/wp\/v2\/categories?post=127210"},{"taxonomy":"post_tag","embeddable":true,"href":"https:\/\/plazajuarez.mx\/historico\/wp-json\/wp\/v2\/tags?post=127210"}],"curies":[{"name":"wp","href":"https:\/\/api.w.org\/{rel}","templated":true}]}}