{"id":127208,"date":"2020-08-04T08:03:42","date_gmt":"2020-08-04T13:03:42","guid":{"rendered":"https:\/\/plazajuarez.mx\/?p=127208"},"modified":"2020-08-04T08:03:53","modified_gmt":"2020-08-04T13:03:53","slug":"ya-no-hay-cupo-en-hospitales-para-pacientes-con-covid","status":"publish","type":"post","link":"https:\/\/plazajuarez.mx\/historico\/ya-no-hay-cupo-en-hospitales-para-pacientes-con-covid\/","title":{"rendered":"Ya no hay cupo en hospitales para pacientes con Covid"},"content":{"rendered":"\n<ul class=\"wp-block-list\"><li><strong>En el \u00faltimo mes, los contagios en Ixmiquilpan, se han incrementado considerablemente<\/strong><\/li><\/ul>\n\n\n\n<!--more-->\n\n\n\n<p><strong>Ixmiquilpan.- <\/strong>Los hospitales y cl\u00ednicas de Ixmiquilpan, ya no tienen cupo para pacientes con Covid-19, todos los nuevos pacientes que requieren de hospitalizaci\u00f3n, son enviados al hospital de respuesta inmediata en Actopan.\u00a0<\/p>\n\n\n\n<p>En el \u00faltimo mes, los contagios por Covid-19 en el municipio de Ixmiquilpan, se han incrementado considerablemente, alcanzando los 130 casos y 27 muertes. Esto de acuerdo a la informaci\u00f3n de las autoridades de Salud.&nbsp;<\/p>\n\n\n\n<p>De acuerdo a fuentes del hospital regional, se habilit\u00f3 un espacio para atender a los pacientes de Covid-19, sin embargo llevan varias semanas en que ya se super\u00f3 la capacidad y los enfermos que necesitan hospitalizaci\u00f3n est\u00e1n siendo canalizados a otros lugares.&nbsp;<\/p>\n\n\n\n<p>Lo mismo en la cl\u00ednica del ISSSTE, cuyos derechohabientes son enviados a la ciudad de Pachuca, debido a que la capacidad de este lugar se ha superado, en tanto que los casos contin\u00faan increment\u00e1ndose considerablemente.&nbsp;<\/p>\n\n\n\n<p>\u00c9ste ha sido uno de los municipios donde mayor resistencia ha existido a asumir las medidas sanitarias, el \u00fanico que no cancel\u00f3 ni mantuvo restricciones a su tianguis semanal, tampoco a establecimientos no esenciales.<\/p>\n","protected":false},"excerpt":{"rendered":"<p>En el \u00faltimo mes, los contagios en Ixmiquilpan, se han incrementado considerablemente<\/p>\n","protected":false},"author":75,"featured_media":0,"comment_status":"closed","ping_status":"open","sticky":false,"template":"","format":"standard","meta":{"footnotes":""},"categories":[40],"tags":[],"class_list":["post-127208","post","type-post","status-publish","format-standard","hentry","category-region"],"_links":{"self":[{"href":"https:\/\/plazajuarez.mx\/historico\/wp-json\/wp\/v2\/posts\/127208","targetHints":{"allow":["GET"]}}],"collection":[{"href":"https:\/\/plazajuarez.mx\/historico\/wp-json\/wp\/v2\/posts"}],"about":[{"href":"https:\/\/plazajuarez.mx\/historico\/wp-json\/wp\/v2\/types\/post"}],"author":[{"embeddable":true,"href":"https:\/\/plazajuarez.mx\/historico\/wp-json\/wp\/v2\/users\/75"}],"replies":[{"embeddable":true,"href":"https:\/\/plazajuarez.mx\/historico\/wp-json\/wp\/v2\/comments?post=127208"}],"version-history":[{"count":0,"href":"https:\/\/plazajuarez.mx\/historico\/wp-json\/wp\/v2\/posts\/127208\/revisions"}],"wp:attachment":[{"href":"https:\/\/plazajuarez.mx\/historico\/wp-json\/wp\/v2\/media?parent=127208"}],"wp:term":[{"taxonomy":"category","embeddable":true,"href":"https:\/\/plazajuarez.mx\/historico\/wp-json\/wp\/v2\/categories?post=127208"},{"taxonomy":"post_tag","embeddable":true,"href":"https:\/\/plazajuarez.mx\/historico\/wp-json\/wp\/v2\/tags?post=127208"}],"curies":[{"name":"wp","href":"https:\/\/api.w.org\/{rel}","templated":true}]}}