{"id":127206,"date":"2020-08-04T08:01:47","date_gmt":"2020-08-04T13:01:47","guid":{"rendered":"https:\/\/plazajuarez.mx\/?p=127206"},"modified":"2020-08-04T08:02:00","modified_gmt":"2020-08-04T13:02:00","slug":"presentan-al-director-de-seguridad-publica","status":"publish","type":"post","link":"https:\/\/plazajuarez.mx\/historico\/presentan-al-director-de-seguridad-publica\/","title":{"rendered":"Presentan al director de Seguridad P\u00fablica"},"content":{"rendered":"\n<ul class=\"wp-block-list\"><li><strong>V\u00edctor Alejandro Aguilar se ha desempe\u00f1ado en cargos de relevancia, en la Secretar\u00eda de Seguridad P\u00fablica Estatal&nbsp;<\/strong><\/li><\/ul>\n\n\n\n<!--more-->\n\n\n\n<p><strong>Tepeapulco.- <\/strong>Aunque est\u00e1 a casi un mes de terminar su mandato, el alcalde dijo que la seguridad seguir\u00e1 siendo un rubro prioritario<\/p>\n\n\n\n<p>El alcalde, Jos\u00e9 Alfonso Delgadillo L\u00f3pez, present\u00f3 al nuevo secretario de Seguridad P\u00fablica Municipal, cargo que recay\u00f3 en V\u00edctor Alejandro Aguilar Mart\u00ednez. Se\u00f1al\u00f3 que este cambio fue obligado, tras el despido de Alejandro Cruz P\u00e9rez (denunciado por acoso sexual y laboral).<\/p>\n\n\n\n<p>Reiter\u00f3 el compromiso de seguir trabajando en la seguridad de todos los habitantes del municipio, por eso se opt\u00f3 por alguien que garantizara resultados.&nbsp;<\/p>\n\n\n\n<p>Delgadillo L\u00f3pez invit\u00f3 a los oficiales a ser corresponsables, con el prop\u00f3sito de concretar acuerdos, construir soluciones y proporcionar una seguridad p\u00fablica de calidad e integral, \u201ctodos los cuerpos policiales tienen un mismo fin: la paz y tranquilidad de las familias, y por ello, en Tepeapulco, siguiendo los lineamientos del Gobierno del Estado, en materia de seguridad, trabajamos de la mano los tres \u00f3rdenes de gobierno\u201d.<\/p>\n\n\n\n<p>Explic\u00f3 que, en esta Administraci\u00f3n Municipal, en estos a\u00f1os de trabajo se han integrado a la fuerza de Seguridad P\u00fablica Municipal, a hombres y mujeres, con capacidad y conocimientos espec\u00edficos para el desempe\u00f1o de sus actividades. Pidi\u00f3 a la poblaci\u00f3n un voto de confianza, ya que se est\u00e1n tomando medidas contundentes para reestructurar a la polic\u00eda y atender el tema de seguridad, pero tambi\u00e9n insisti\u00f3 en que la ciudadan\u00eda debe colaborar con las autoridades para fortalecer estrategias de combate a la delincuencia.<\/p>\n\n\n\n<p>El jefe del Ejecutivo municipal destac\u00f3 que la seguridad p\u00fablica, es una de las \u00e1reas de mayor prioridad para la administraci\u00f3n que encabeza.<\/p>\n","protected":false},"excerpt":{"rendered":"<p>V\u00edctor Alejandro Aguilar se ha desempe\u00f1ado en cargos de relevancia, en la Secretar\u00eda de Seguridad P\u00fablica Estatal&nbsp;<\/p>\n","protected":false},"author":69,"featured_media":0,"comment_status":"closed","ping_status":"open","sticky":false,"template":"","format":"standard","meta":{"footnotes":""},"categories":[40],"tags":[],"class_list":["post-127206","post","type-post","status-publish","format-standard","hentry","category-region"],"_links":{"self":[{"href":"https:\/\/plazajuarez.mx\/historico\/wp-json\/wp\/v2\/posts\/127206","targetHints":{"allow":["GET"]}}],"collection":[{"href":"https:\/\/plazajuarez.mx\/historico\/wp-json\/wp\/v2\/posts"}],"about":[{"href":"https:\/\/plazajuarez.mx\/historico\/wp-json\/wp\/v2\/types\/post"}],"author":[{"embeddable":true,"href":"https:\/\/plazajuarez.mx\/historico\/wp-json\/wp\/v2\/users\/69"}],"replies":[{"embeddable":true,"href":"https:\/\/plazajuarez.mx\/historico\/wp-json\/wp\/v2\/comments?post=127206"}],"version-history":[{"count":0,"href":"https:\/\/plazajuarez.mx\/historico\/wp-json\/wp\/v2\/posts\/127206\/revisions"}],"wp:attachment":[{"href":"https:\/\/plazajuarez.mx\/historico\/wp-json\/wp\/v2\/media?parent=127206"}],"wp:term":[{"taxonomy":"category","embeddable":true,"href":"https:\/\/plazajuarez.mx\/historico\/wp-json\/wp\/v2\/categories?post=127206"},{"taxonomy":"post_tag","embeddable":true,"href":"https:\/\/plazajuarez.mx\/historico\/wp-json\/wp\/v2\/tags?post=127206"}],"curies":[{"name":"wp","href":"https:\/\/api.w.org\/{rel}","templated":true}]}}