{"id":127118,"date":"2020-08-03T10:36:54","date_gmt":"2020-08-03T15:36:54","guid":{"rendered":"https:\/\/plazajuarez.mx\/?p=127118"},"modified":"2020-08-03T10:37:09","modified_gmt":"2020-08-03T15:37:09","slug":"superan-decesos-por-covid-680-mil-personas-en-todo-el-mundo","status":"publish","type":"post","link":"https:\/\/plazajuarez.mx\/historico\/superan-decesos-por-covid-680-mil-personas-en-todo-el-mundo\/","title":{"rendered":"Superan decesos por COVID 680 mil personas en todo el mundo"},"content":{"rendered":"\n<ul class=\"wp-block-list\"><li><strong>Los contagios crecen en pa\u00edses de Am\u00e9rica Latina, se empieza a convertir en el nuevo epicentro\u00a0<\/strong><\/li><\/ul>\n\n\n\n<!--more-->\n\n\n\n<p class=\"wp-block-paragraph\">(EFE).- Los casos de coronavirus totalizan en el mundo 17.6 millones, seg\u00fan el recuento oficial que ofrece a diario la Organizaci\u00f3n Mundial de la Salud (OMS).<\/p>\n\n\n\n<p class=\"wp-block-paragraph\">Esto quiere decir, que en la \u00faltima jornada los casos aumentaron en 262 mil 929.<\/p>\n\n\n\n<p class=\"wp-block-paragraph\">La cifra de fallecidos ha superado los 680 mil, lo que representa 5 mil 851 casos adicionales con respecto a ayer.<\/p>\n\n\n\n<p class=\"wp-block-paragraph\">Las Am\u00e9ricas suman 9.47 millones de casos, la mayor\u00eda de los cuales se han registrado en Latinoam\u00e9rica y el Caribe, y 359 mil 180 fallecimientos por Covid-19.<\/p>\n\n\n\n<p class=\"wp-block-paragraph\">Como punto de comparaci\u00f3n, Europa registra hasta ahora 3.37 millones de casos y 213 mil 284 muertes.<\/p>\n\n\n\n<p class=\"wp-block-paragraph\">Un quinto pa\u00eds latinoamericano entr\u00f3 en la lista de los doce pa\u00edses m\u00e1s afectados del planeta: Colombia ocupa ahora el und\u00e9cimo lugar en esa lista, al acumular ya 295 mil 508 personas infectadas por el coronavirus y 10 mil 105 decesos, de acuerdo a las estad\u00edsticas transmitidas por el Gobierno de ese pa\u00eds a la OMS.<\/p>\n","protected":false},"excerpt":{"rendered":"<p>Los contagios crecen en pa\u00edses de Am\u00e9rica Latina, se empieza a convertir en el nuevo epicentro\u00a0<\/p>\n","protected":false},"author":80,"featured_media":0,"comment_status":"closed","ping_status":"open","sticky":false,"template":"","format":"standard","meta":{"footnotes":""},"categories":[1],"tags":[],"class_list":["post-127118","post","type-post","status-publish","format-standard","hentry","category-uncategorized"],"_links":{"self":[{"href":"https:\/\/plazajuarez.mx\/historico\/wp-json\/wp\/v2\/posts\/127118","targetHints":{"allow":["GET"]}}],"collection":[{"href":"https:\/\/plazajuarez.mx\/historico\/wp-json\/wp\/v2\/posts"}],"about":[{"href":"https:\/\/plazajuarez.mx\/historico\/wp-json\/wp\/v2\/types\/post"}],"author":[{"embeddable":true,"href":"https:\/\/plazajuarez.mx\/historico\/wp-json\/wp\/v2\/users\/80"}],"replies":[{"embeddable":true,"href":"https:\/\/plazajuarez.mx\/historico\/wp-json\/wp\/v2\/comments?post=127118"}],"version-history":[{"count":0,"href":"https:\/\/plazajuarez.mx\/historico\/wp-json\/wp\/v2\/posts\/127118\/revisions"}],"wp:attachment":[{"href":"https:\/\/plazajuarez.mx\/historico\/wp-json\/wp\/v2\/media?parent=127118"}],"wp:term":[{"taxonomy":"category","embeddable":true,"href":"https:\/\/plazajuarez.mx\/historico\/wp-json\/wp\/v2\/categories?post=127118"},{"taxonomy":"post_tag","embeddable":true,"href":"https:\/\/plazajuarez.mx\/historico\/wp-json\/wp\/v2\/tags?post=127118"}],"curies":[{"name":"wp","href":"https:\/\/api.w.org\/{rel}","templated":true}]}}