{"id":127040,"date":"2020-08-03T07:07:37","date_gmt":"2020-08-03T12:07:37","guid":{"rendered":"https:\/\/plazajuarez.mx\/?p=127040"},"modified":"2020-08-03T07:07:49","modified_gmt":"2020-08-03T12:07:49","slug":"dese-por-enterado-748","status":"publish","type":"post","link":"https:\/\/plazajuarez.mx\/historico\/dese-por-enterado-748\/","title":{"rendered":"DESE POR ENTERADO"},"content":{"rendered":"\n<p><strong>PREMIOS MADRE TERESA DE CALCUTA PARA MORENA-GU.-<\/strong> En serio que hasta l\u00e1grimas provocaron entre la ciudadan\u00eda por su amor al pr\u00f3jimo, por su DI\u00c1FANA preocupaci\u00f3n por sus semejantes, por su desinteresada acci\u00f3n para proteger al pueblo de Hidalgo contra el Covid-19. \u201c\u00a1No a las elecciones hasta que pase la pandemia!\u201d, dijeron al un\u00edsono esos representantes del Grupo Universidad vestidos de Morenos y Morenas. Nadam\u00e1s de saber que su Santo Patrono es el de la Cuenta Suiza en Banco de Segundo Piso todos coincidieron en asegurar: \u201c\u00a1eso es garant\u00eda de que su actuar no es doble cara, que les nace del alma y coraz\u00f3n!\u201d. Y por eso, nadam\u00e1s por eso, de una vez nos permitimos proponer a los in-de-pen-dien-tes legisladores por convicci\u00f3n y decisi\u00f3n: Cory, Roxy, Georges Mayorga y otros de la misma especie, para el Premio Madre Teresa de Calcuta por su preocupaci\u00f3n leg\u00edtima y legal por sus paisanos, por quienes dar\u00e1n todo hasta lograr se cancelen los comicios municipales hasta que se apoderen de todas y cada una de las candidaturas de Morena, les regresen su dinerito y ah\u00ed si arrasen en los comicios. De paso velar\u00e1n por la salud de todos.<\/p>\n\n\n\n<p>***<\/p>\n\n\n\n<p><strong>REGISTRO DEL PRI Y MORENA.-<\/strong> Entre el 14 y 19 del presente mes, el Partido Revolucionario Institucional (PRI), registrar\u00e1 como su candidato a la Presidencia Municipal de Pachuca, al para entonces ex titular de la Semarnat en la entidad, Benjam\u00edn Rico Moreno, en tanto que el Movimiento de Regeneraci\u00f3n Nacional (MORENA), har\u00e1 lo propio con el doctor Pablo Vargas Gonz\u00e1lez, quien habr\u00e1 pasado las de Ca\u00edn para llegar a ese momento, luego de ataques mort\u00edferos por parte de una dirigencia que no acaba de definirse si como Pro-AMLO o Pro-Sosa. Y qu\u00e9 decir de un personaje tan sui generis como Canek V\u00e1zquez, quien a toda costa busc\u00f3 sembrar la idea de que todo estaba amarrado como \u00e9l, aunque no de manera tan rid\u00edcula como el ex cantante Francisco Xavier quien habr\u00eda declarado, \u201cya habl\u00e9 con Andr\u00e9s y me dijo: mira mi Panchito Javier, t\u00fa sabes que contigo hasta la victoria, ni te preocupes\u201d. El hecho es que nunca lo pel\u00f3 y ya se ve. Pero lo m\u00e1s complicado fue el embate de los del Grupo Universidad, que a toda costa buscaron que quedara quien fuera menos Vargas Gonz\u00e1lez, a quien no le perdonan que le haya levantado la voz al Santo Patrono. Toda la competencia queda entre Benjam\u00edn Rico y Pablo Vargas. Se va a poner buena la competencia.<\/p>\n\n\n\n<p>***<\/p>\n\n\n\n<p><strong>CAMPA\u00d1AS DEL 5 DE SEPTIEMBRE AL 10 DE OCTUBRE.-<\/strong> En momentos que se detecta un repliegue de los medios impresos, y una credibilidad cada vez m\u00e1s cuestionada de las plataformas electr\u00f3nicas, cada uno de los candidatos a las 84 alcald\u00edas de Hidalgo junto con las dirigencias de sus partidos, deber\u00e1n evaluar si optan por un sinn\u00famero de p\u00e1ginas, blogs, youtubers, que suman centenas y las que se agreguen en las siguientes horas, sin una base real en cuanto a equipo informativo y de redacci\u00f3n; o bien soportar sus trabajos de campa\u00f1a en espacios que han tenido como origen un proyecto period\u00edstico cierto y profesional. Estamos ciertos que el tiempo de los impresos con plataformas digitales serias y con un ejercicio profesional del periodismo, ser\u00e1 la mejor alternativa ante la proliferaci\u00f3n de supuestos medios informativos digitales, muchos de los cuales son sin duda un espl\u00e9ndido negocio por la poca inversi\u00f3n y magn\u00edficos dividendos econ\u00f3micos. Veremos.<\/p>\n\n\n\n<p>***<\/p>\n\n\n\n<p><strong>SANTIAGO NIETO TIENE UN ANUNCIO QUE HACER.-<\/strong> El titular de la Unidad de Inteligencia Financiera de la Secretar\u00eda de Hacienda, Santiago Nieto, har\u00e1 un anuncio esta semana sobre las cuentas bancarias congeladas al Patronato Universitario de la Universidad Aut\u00f3noma del Estado de Hidalgo, con 3 mil 364 millones 379 mil 660 pesos. Se supo que confirmar\u00e1 que el caso ya est\u00e1 en manos de la Fiscal\u00eda General de la Rep\u00fablica. \u00a1A correr se ha dicho!<\/p>\n\n\n\n<p>***<\/p>\n\n\n\n<p><strong><em>Aviso para que no digan: Esa columna se nutre de comentarios recabados en agencias del Recontra-Espionaje, muy similares a las que populariz\u00f3 el \u201cS\u00faper Agente 86\u201d en sus tiempos. Como tal, usted est\u00e1 en libertad de creer o no lo que lee, recontra-enojarse, recontra-carcajearse y hasta recontra-recordarnos a nuestra jefecita (nosotros recontra-hacemos lo propio). Avisado est\u00e1 usted.<\/em><\/strong><\/p>\n\n\n\n<p>Dudas y comentarios:<\/p>\n\n\n\n<p><a href=\"mailto:desexenterado@gmail.com\">desexenterado@gmail.com<\/a><\/p>\n\n\n\n<p>@desexenterado<\/p>\n","protected":false},"excerpt":{"rendered":"<p>PREMIOS MADRE TERESA DE CALCUTA PARA MORENA-GU.- En serio que hasta l\u00e1grimas provocaron entre la ciudadan\u00eda por su amor al pr\u00f3jimo, por su DI\u00c1FANA preocupaci\u00f3n por sus semejantes, por su desinteresada acci\u00f3n para proteger al pueblo de Hidalgo contra el Covid-19. \u201c\u00a1No a las elecciones hasta que pase la pandemia!\u201d, dijeron al un\u00edsono esos representantes [&hellip;]<\/p>\n","protected":false},"author":93,"featured_media":0,"comment_status":"closed","ping_status":"open","sticky":false,"template":"","format":"standard","meta":{"footnotes":""},"categories":[83],"tags":[],"class_list":["post-127040","post","type-post","status-publish","format-standard","hentry","category-dese-por-enterado"],"_links":{"self":[{"href":"https:\/\/plazajuarez.mx\/historico\/wp-json\/wp\/v2\/posts\/127040","targetHints":{"allow":["GET"]}}],"collection":[{"href":"https:\/\/plazajuarez.mx\/historico\/wp-json\/wp\/v2\/posts"}],"about":[{"href":"https:\/\/plazajuarez.mx\/historico\/wp-json\/wp\/v2\/types\/post"}],"author":[{"embeddable":true,"href":"https:\/\/plazajuarez.mx\/historico\/wp-json\/wp\/v2\/users\/93"}],"replies":[{"embeddable":true,"href":"https:\/\/plazajuarez.mx\/historico\/wp-json\/wp\/v2\/comments?post=127040"}],"version-history":[{"count":0,"href":"https:\/\/plazajuarez.mx\/historico\/wp-json\/wp\/v2\/posts\/127040\/revisions"}],"wp:attachment":[{"href":"https:\/\/plazajuarez.mx\/historico\/wp-json\/wp\/v2\/media?parent=127040"}],"wp:term":[{"taxonomy":"category","embeddable":true,"href":"https:\/\/plazajuarez.mx\/historico\/wp-json\/wp\/v2\/categories?post=127040"},{"taxonomy":"post_tag","embeddable":true,"href":"https:\/\/plazajuarez.mx\/historico\/wp-json\/wp\/v2\/tags?post=127040"}],"curies":[{"name":"wp","href":"https:\/\/api.w.org\/{rel}","templated":true}]}}