{"id":127038,"date":"2020-08-03T07:11:04","date_gmt":"2020-08-03T12:11:04","guid":{"rendered":"https:\/\/plazajuarez.mx\/?p=127038"},"modified":"2020-08-03T07:11:15","modified_gmt":"2020-08-03T12:11:15","slug":"se-alinearon-los-cabildos-habra-uso-obligatorio-de-cubrebocas","status":"publish","type":"post","link":"https:\/\/plazajuarez.mx\/historico\/se-alinearon-los-cabildos-habra-uso-obligatorio-de-cubrebocas\/","title":{"rendered":"Se alinearon los cabildos: habr\u00e1 uso obligatorio de cubrebocas"},"content":{"rendered":"\n<ul class=\"wp-block-list\"><li><strong>La determinaci\u00f3n se enmarca en la Estrategia \u201cEsc\u00fadate, C\u00fabrete\u201d del Operativo Escudo, implementado por el gobernador Omar Fayad.\u00a0<\/strong><\/li><\/ul>\n\n\n\n<!--more-->\n\n\n\n<p>Desde el 31 de julio de 2020 y hasta nuevo aviso, el uso del cubrebocas ser\u00e1 obligatorio en todos los espacios p\u00fablicos, comerciales y de transporte p\u00fablico en el territorio de la capital del estado de Hidalgo, anunci\u00f3 la Presidencia Municipal de Pachuca de Soto.&nbsp;<\/p>\n\n\n\n<p>La determinaci\u00f3n de este Cabildo y de los ayuntamientos de Tulancingo y Mineral del Monte, se enmarca en la Estrategia \u201cEsc\u00fadate, C\u00fabrete\u201d del Operativo Escudo, implementado por el gobernador Omar Fayad.&nbsp;<\/p>\n\n\n\n<p>La autoridad estatal estableci\u00f3 la obligatoriedad y correcto uso de cubrebocas para todos los trabajadores de los sectores p\u00fablico, privado y social en el territorio del estado de Hidalgo, as\u00ed como para el personal de salud, seguridad p\u00fablica, aquellos que presten servicios a la poblaci\u00f3n, as\u00ed como para los operadores del servicio p\u00fablico, desde el 28 de abril pasado.<\/p>\n\n\n\n<p>La medida referida se sustent\u00f3 en las experiencias de pa\u00edses como Jap\u00f3n, Tailandia, Corea del Sur y Hong Kong, as\u00ed como, Rep\u00fablica Checa que contuvieron la propagaci\u00f3n del Covid-19 promoviendo el uso masivo de cubrebocas entre la poblaci\u00f3n junto con las medidas preventivas de higiene, distanciamiento social y aislamiento; as\u00ed como en estudios con rigor cient\u00edfico publicados en importantes revistas especializadas que recomiendan el uso de cubrebocas para prevenir el contagio.\u00a0\u00a0<\/p>\n","protected":false},"excerpt":{"rendered":"<p>La determinaci\u00f3n se enmarca en la Estrategia \u201cEsc\u00fadate, C\u00fabrete\u201d del Operativo Escudo, implementado por el gobernador Omar Fayad.\u00a0<\/p>\n","protected":false},"author":93,"featured_media":0,"comment_status":"closed","ping_status":"open","sticky":false,"template":"","format":"standard","meta":{"footnotes":""},"categories":[59],"tags":[],"class_list":["post-127038","post","type-post","status-publish","format-standard","hentry","category-general"],"_links":{"self":[{"href":"https:\/\/plazajuarez.mx\/historico\/wp-json\/wp\/v2\/posts\/127038","targetHints":{"allow":["GET"]}}],"collection":[{"href":"https:\/\/plazajuarez.mx\/historico\/wp-json\/wp\/v2\/posts"}],"about":[{"href":"https:\/\/plazajuarez.mx\/historico\/wp-json\/wp\/v2\/types\/post"}],"author":[{"embeddable":true,"href":"https:\/\/plazajuarez.mx\/historico\/wp-json\/wp\/v2\/users\/93"}],"replies":[{"embeddable":true,"href":"https:\/\/plazajuarez.mx\/historico\/wp-json\/wp\/v2\/comments?post=127038"}],"version-history":[{"count":0,"href":"https:\/\/plazajuarez.mx\/historico\/wp-json\/wp\/v2\/posts\/127038\/revisions"}],"wp:attachment":[{"href":"https:\/\/plazajuarez.mx\/historico\/wp-json\/wp\/v2\/media?parent=127038"}],"wp:term":[{"taxonomy":"category","embeddable":true,"href":"https:\/\/plazajuarez.mx\/historico\/wp-json\/wp\/v2\/categories?post=127038"},{"taxonomy":"post_tag","embeddable":true,"href":"https:\/\/plazajuarez.mx\/historico\/wp-json\/wp\/v2\/tags?post=127038"}],"curies":[{"name":"wp","href":"https:\/\/api.w.org\/{rel}","templated":true}]}}