{"id":126985,"date":"2020-08-02T08:28:43","date_gmt":"2020-08-02T13:28:43","guid":{"rendered":"https:\/\/plazajuarez.mx\/?p=126985"},"modified":"2020-08-02T08:28:55","modified_gmt":"2020-08-02T13:28:55","slug":"murio-jose-vicente-anaya","status":"publish","type":"post","link":"https:\/\/plazajuarez.mx\/historico\/murio-jose-vicente-anaya\/","title":{"rendered":"Muri\u00f3 Jos\u00e9 Vicente Anaya"},"content":{"rendered":"\n<ul class=\"wp-block-list\"><li><strong>Fue un destacado estudioso, public\u00f3 m\u00e1s de 30 libros y form\u00f3 parte del movimiento po\u00e9tico del infrarrealismo<\/strong><\/li><\/ul>\n\n\n\n<!--more-->\n\n\n\n<p>El poeta Jos\u00e9 Vicente Anaya, considerado como uno de los m\u00e1s importantes de su generaci\u00f3n, muri\u00f3 la madrugada de ayer tras pasar varios meses hospitalizado por complicaciones de salud, inform\u00f3 la familia y Malpa\u00eds Ediciones, en un comunicado difundido en redes sociales.<\/p>\n\n\n\n<p>La editorial a\u00f1adi\u00f3 que recientemente el tambi\u00e9n cr\u00edtico y editor fue sometido a una intervenci\u00f3n quir\u00fargica, angioplastia, para destapar las arterias de sus piernas, por diversas clasificaciones que bloqueaban el flujo de sangre. De acuerdo con el comunicado, su hija, Andrea Anaya, inform\u00f3: &#8220;salimos del hospital y llegamos a casa a descansar, falleci\u00f3 pac\u00edficamente en su domicilio exacto que son los sue\u00f1os&#8221;. Los restos del poeta fueron velados ayer en la funeraria Gayosso de F\u00e9lix Cuevas. Hace unas semanas diversos amigos, editoriales y proyectos literarios se sumaron para reunir apoyos econ\u00f3micos para la familia del poeta, pues indicaban que su situaci\u00f3n m\u00e9dica exig\u00eda varios tratamientos.<\/p>\n\n\n\n<p>Anaya, naci\u00f3 en Chihuahua en 1947, fue tambi\u00e9n ensayista, traductor y periodista cultural. Public\u00f3 m\u00e1s de 30 libros y form\u00f3 parte del movimiento po\u00e9tico del infrarrealismo. Fue destacado estudioso de la poes\u00eda estadounidense, fundamentalmente de la Generaci\u00f3n Beat, as\u00ed como de la literatura de China y Jap\u00f3n.<\/p>\n","protected":false},"excerpt":{"rendered":"<p>Fue un destacado estudioso, public\u00f3 m\u00e1s de 30 libros y form\u00f3 parte del movimiento po\u00e9tico del infrarrealismo<\/p>\n","protected":false},"author":81,"featured_media":0,"comment_status":"closed","ping_status":"open","sticky":false,"template":"","format":"standard","meta":{"footnotes":""},"categories":[38],"tags":[],"class_list":["post-126985","post","type-post","status-publish","format-standard","hentry","category-show"],"_links":{"self":[{"href":"https:\/\/plazajuarez.mx\/historico\/wp-json\/wp\/v2\/posts\/126985","targetHints":{"allow":["GET"]}}],"collection":[{"href":"https:\/\/plazajuarez.mx\/historico\/wp-json\/wp\/v2\/posts"}],"about":[{"href":"https:\/\/plazajuarez.mx\/historico\/wp-json\/wp\/v2\/types\/post"}],"author":[{"embeddable":true,"href":"https:\/\/plazajuarez.mx\/historico\/wp-json\/wp\/v2\/users\/81"}],"replies":[{"embeddable":true,"href":"https:\/\/plazajuarez.mx\/historico\/wp-json\/wp\/v2\/comments?post=126985"}],"version-history":[{"count":0,"href":"https:\/\/plazajuarez.mx\/historico\/wp-json\/wp\/v2\/posts\/126985\/revisions"}],"wp:attachment":[{"href":"https:\/\/plazajuarez.mx\/historico\/wp-json\/wp\/v2\/media?parent=126985"}],"wp:term":[{"taxonomy":"category","embeddable":true,"href":"https:\/\/plazajuarez.mx\/historico\/wp-json\/wp\/v2\/categories?post=126985"},{"taxonomy":"post_tag","embeddable":true,"href":"https:\/\/plazajuarez.mx\/historico\/wp-json\/wp\/v2\/tags?post=126985"}],"curies":[{"name":"wp","href":"https:\/\/api.w.org\/{rel}","templated":true}]}}