{"id":126959,"date":"2020-08-02T08:19:39","date_gmt":"2020-08-02T13:19:39","guid":{"rendered":"https:\/\/plazajuarez.mx\/?p=126959"},"modified":"2020-08-02T08:19:52","modified_gmt":"2020-08-02T13:19:52","slug":"morena-hidalgo-en-contra-de-elecciones-en-octubre-2","status":"publish","type":"post","link":"https:\/\/plazajuarez.mx\/historico\/morena-hidalgo-en-contra-de-elecciones-en-octubre-2\/","title":{"rendered":"Morena Hidalgo, en contra de elecciones en octubre"},"content":{"rendered":"\n<p><strong>El partido reitera en que se debe anteponer la salud de la ciudadan\u00eda, y que deben existir condiciones para que los comicios se realicen sin problemas<\/strong><\/p>\n\n\n\n<!--more-->\n\n\n\n<p>A trav\u00e9s de un comunicado, el comit\u00e9 ejecutivo estatal del Movimiento Regeneraci\u00f3n Nacional (Morena) desaprob\u00f3 la decisi\u00f3n del Instituto Nacional Electoral (INE) de programar las pr\u00f3ximas elecciones el pr\u00f3ximo 18 de octubre del presente a\u00f1o, ya que argumentaron que este tipo de medidas representan un acto de indiferencia hacia la ciudadan\u00eda.\u00a0<\/p>\n\n\n\n<p>A ra\u00edz de que se dio a conocer que tanto los procesos electorales de Hidalgo y Coahuila se reanudar\u00e1n para culminar en la jornada electoral del domingo 18 de octubre, el partido mostr\u00f3 su inconformidad sobre el tema, y refiri\u00f3 que esta decisi\u00f3n supone una indiferencia hacia la salud y el bienestar de los hidalguenses, ya que se explic\u00f3 que no se tiene la certeza de que para ese entonces, los contagios de Covid-19 est\u00e9n a la baja.&nbsp;<\/p>\n\n\n\n<p>As\u00ed mismo, el partido expres\u00f3 que no se comparte la aprobaci\u00f3n de este acuerdo, ya que se consider\u00f3 que esta decisi\u00f3n se realiz\u00f3 invocando la autonom\u00eda del INE, mientras que se dej\u00f3 de lado la participaci\u00f3n del Consejo de Salubridad General como la m\u00e1xima autoridad en materia de salud en el pa\u00eds para tal efecto.&nbsp;<\/p>\n\n\n\n<p>Derivado de lo anterior, el comit\u00e9 estatal manifest\u00f3 que Hidalgo se mantiene en sem\u00e1foro epidemiol\u00f3gico en rojo, por lo que expres\u00f3 que, al igual que la sede nacional de Morena, se respalda la idea de no reanudar el proceso electoral hasta que se tenga la seguridad de que haya condiciones necesarias de salud para que la ciudadan\u00eda pueda efectuar su derecho al sufragio.&nbsp;<\/p>\n\n\n\n<p>Por otro lado, se lanz\u00f3 un exhorto a la Secretar\u00eda de Salud federal (SSA) para que analice la situaci\u00f3n, intervenga en el asunto y se pronuncie sobre la viabilidad de realizar el proceso electoral ante las actuales circunstancias que se viven dentro del pa\u00eds, con el objetivo de que haya certidumbre, y en donde se privilegie en todo momento el derecho a la salud de toda la poblaci\u00f3n.&nbsp;<\/p>\n\n\n\n<p>Cabe resaltar que, en semanas anteriores, diversos integrantes del comit\u00e9 ejecutivo estatal de Morena Hidalgo manifestaron su inconformidad a diversas declaraciones hechas desde el INE sobre las posibilidades de adelantar y reanudar los procesos electorales en los estados antes mencionados, calificando dichas medidas como \u201cmezquinas\u201d.&nbsp;<\/p>\n","protected":false},"excerpt":{"rendered":"<p>El partido reitera en que se debe anteponer la salud de la ciudadan\u00eda, y que deben existir condiciones para que los comicios se realicen sin problemas<\/p>\n","protected":false},"author":93,"featured_media":0,"comment_status":"closed","ping_status":"open","sticky":false,"template":"","format":"standard","meta":{"footnotes":""},"categories":[59],"tags":[],"class_list":["post-126959","post","type-post","status-publish","format-standard","hentry","category-general"],"_links":{"self":[{"href":"https:\/\/plazajuarez.mx\/historico\/wp-json\/wp\/v2\/posts\/126959","targetHints":{"allow":["GET"]}}],"collection":[{"href":"https:\/\/plazajuarez.mx\/historico\/wp-json\/wp\/v2\/posts"}],"about":[{"href":"https:\/\/plazajuarez.mx\/historico\/wp-json\/wp\/v2\/types\/post"}],"author":[{"embeddable":true,"href":"https:\/\/plazajuarez.mx\/historico\/wp-json\/wp\/v2\/users\/93"}],"replies":[{"embeddable":true,"href":"https:\/\/plazajuarez.mx\/historico\/wp-json\/wp\/v2\/comments?post=126959"}],"version-history":[{"count":0,"href":"https:\/\/plazajuarez.mx\/historico\/wp-json\/wp\/v2\/posts\/126959\/revisions"}],"wp:attachment":[{"href":"https:\/\/plazajuarez.mx\/historico\/wp-json\/wp\/v2\/media?parent=126959"}],"wp:term":[{"taxonomy":"category","embeddable":true,"href":"https:\/\/plazajuarez.mx\/historico\/wp-json\/wp\/v2\/categories?post=126959"},{"taxonomy":"post_tag","embeddable":true,"href":"https:\/\/plazajuarez.mx\/historico\/wp-json\/wp\/v2\/tags?post=126959"}],"curies":[{"name":"wp","href":"https:\/\/api.w.org\/{rel}","templated":true}]}}