{"id":126957,"date":"2020-08-02T08:14:30","date_gmt":"2020-08-02T13:14:30","guid":{"rendered":"https:\/\/plazajuarez.mx\/?p=126957"},"modified":"2020-08-02T08:14:44","modified_gmt":"2020-08-02T13:14:44","slug":"pan-listos-para-las-elecciones-2","status":"publish","type":"post","link":"https:\/\/plazajuarez.mx\/historico\/pan-listos-para-las-elecciones-2\/","title":{"rendered":"PAN: Listos para las elecciones"},"content":{"rendered":"\n<ul class=\"wp-block-list\"><li><strong>Retomar\u00e1n trabajos de selecci\u00f3n y designaci\u00f3n de candidatos<\/strong><\/li><\/ul>\n\n\n\n<!--more-->\n\n\n\n<p>El presidente del Comit\u00e9 Directivo Estatal (CDE) del Partido Acci\u00f3n Nacional (PAN), Cornelio Garc\u00eda Villanueva, asegur\u00f3 que el blanquiazul se encuentra listo para enfrentar la batalla de las elecciones para la renovaci\u00f3n de los 84 ayuntamientos.<\/p>\n\n\n\n<p>Lo anterior, luego que el Instituto Nacional Electoral (INE) aprobara la propuesta de realizar la jornada electoral el pr\u00f3ximo 18 de octubre, de tal manera que en breve se reanudar\u00e1n las actividades que se pausaron derivado de la contingencia sanitaria por COVID-19.<\/p>\n\n\n\n<p>En ese sentido, el l\u00edder blanquiazul precis\u00f3 que despu\u00e9s de cuatro fechas propuestas al \u00f3rgano electoral, por fin se aprueba la jornada electoral 2020, \u201cpor fin tenemos fecha, el tiempo de espera ha llegado a su fin, estamos puestos y listos para entrarle a esa batalla, para ofrecer lo que somos a la ciudadan\u00eda, un partido fresco y ciudadano\u201d.<\/p>\n\n\n\n<p>Por ello puntualiz\u00f3 que al interior del partido retomar\u00e1n las actividades pendientes, como es el caso del proceso de selecci\u00f3n y designaci\u00f3n&nbsp; de candidatos, para que a su vez se puedan realizar los nombramientos correspondientes.<\/p>\n\n\n\n<p>En el caso de los municipios en los que no fue abierta la convocatoria, asever\u00f3 que en los pr\u00f3ximos d\u00edas estar\u00e1n mandando el documento para proceder a la selecci\u00f3n o designaci\u00f3n de aspirantes \u201cnos estamos esforzando para llegar m\u00e1s lejos y hacer esa pinza para estar en la mente de la ciudadan\u00eda y lograr su confianza mediante el voto\u201d.<\/p>\n\n\n\n<p>En tanto acept\u00f3 que si bien en ocasiones no tomaron las mejores decisiones, son consecuencias que asumir\u00e1n.<\/p>\n","protected":false},"excerpt":{"rendered":"<p>Retomar\u00e1n trabajos de selecci\u00f3n y designaci\u00f3n de candidatos<\/p>\n","protected":false},"author":73,"featured_media":0,"comment_status":"closed","ping_status":"open","sticky":false,"template":"","format":"standard","meta":{"footnotes":""},"categories":[59],"tags":[],"class_list":["post-126957","post","type-post","status-publish","format-standard","hentry","category-general"],"_links":{"self":[{"href":"https:\/\/plazajuarez.mx\/historico\/wp-json\/wp\/v2\/posts\/126957","targetHints":{"allow":["GET"]}}],"collection":[{"href":"https:\/\/plazajuarez.mx\/historico\/wp-json\/wp\/v2\/posts"}],"about":[{"href":"https:\/\/plazajuarez.mx\/historico\/wp-json\/wp\/v2\/types\/post"}],"author":[{"embeddable":true,"href":"https:\/\/plazajuarez.mx\/historico\/wp-json\/wp\/v2\/users\/73"}],"replies":[{"embeddable":true,"href":"https:\/\/plazajuarez.mx\/historico\/wp-json\/wp\/v2\/comments?post=126957"}],"version-history":[{"count":0,"href":"https:\/\/plazajuarez.mx\/historico\/wp-json\/wp\/v2\/posts\/126957\/revisions"}],"wp:attachment":[{"href":"https:\/\/plazajuarez.mx\/historico\/wp-json\/wp\/v2\/media?parent=126957"}],"wp:term":[{"taxonomy":"category","embeddable":true,"href":"https:\/\/plazajuarez.mx\/historico\/wp-json\/wp\/v2\/categories?post=126957"},{"taxonomy":"post_tag","embeddable":true,"href":"https:\/\/plazajuarez.mx\/historico\/wp-json\/wp\/v2\/tags?post=126957"}],"curies":[{"name":"wp","href":"https:\/\/api.w.org\/{rel}","templated":true}]}}