{"id":126956,"date":"2020-08-02T08:13:10","date_gmt":"2020-08-02T13:13:10","guid":{"rendered":"https:\/\/plazajuarez.mx\/?p=126956"},"modified":"2020-08-02T08:13:24","modified_gmt":"2020-08-02T13:13:24","slug":"registro-de-planillas-iniciara-el-14-de-agosto-2","status":"publish","type":"post","link":"https:\/\/plazajuarez.mx\/historico\/registro-de-planillas-iniciara-el-14-de-agosto-2\/","title":{"rendered":"Registro de planillas iniciar\u00e1 el 14 de agosto"},"content":{"rendered":"\n<ul class=\"wp-block-list\"><li><strong>Se har\u00e1 en plataforma virtual y tambi\u00e9n de forma convencional\u00a0<\/strong><\/li><\/ul>\n\n\n\n<!--more-->\n\n\n\n<p>En conferencia de prensa virtual, la presidenta del Consejo General del Instituto Estatal Electoral de Hidalgo (IEEH), Guillermina V\u00e1zquez Ben\u00edtez, inform\u00f3 que el 14 de agosto se abrir\u00e1 el registro de planillas municipales mismo que se realizar\u00e1 a trav\u00e9s de la plataforma digital que se ha preparado para ese fin, aunque no descart\u00f3 que haya quienes lo quieran hacer de forma presencial para lo cual se deber\u00e1n tomar una serie de medidas a fin de prevenir posibles contagios de Covid-19.\u00a0<\/p>\n\n\n\n<p>Entre estas medidas destac\u00f3 que, \u00fanicamente deber\u00e1 de acudir el representante legal acreditado ante el organismo electoral y podr\u00e1 acompa\u00f1ado de una sola persona, as\u00ed que no habr\u00e1 parafernalia que los partidos o los mismos candidatos acostumbraban hacer en cada registro; adem\u00e1s de que los documentos entregados pasar\u00e1n por un filtro para&nbsp; desinfecci\u00f3n y resguardar la sanidad del personal que estar\u00e1 a cargo.&nbsp;<\/p>\n\n\n\n<p>En otro tema, destac\u00f3 que referente a la compra de insumos para garantizar la sanidad el d\u00eda de la jornada electoral tanto para personal de los institutos electorales como para los votantes, la presidenta inform\u00f3 que el INE definir\u00e1 las caracter\u00edsticas de los productos que se habr\u00e1n de requerir, y posteriormente se realizar\u00e1 una cotizaci\u00f3n para establecer los porcentajes de aportaci\u00f3n que har\u00e1n&nbsp; ambos institutos.&nbsp;<\/p>\n\n\n\n<p>Finalmente, reconoci\u00f3 que se requiere saber esto de manera inmediata ya&nbsp; que ser\u00e1 necesaria realizar una solicitud de ampliaci\u00f3n presupuestal que se turnar\u00e1 a la Secretar\u00eda de Finanzas P\u00fablicas de Hidalgo para cubrir aquellas partidas pendientes que est\u00e1n inmersas en la operatividad de los Consejos Municipales Electorales.&nbsp;<\/p>\n","protected":false},"excerpt":{"rendered":"<p>Se har\u00e1 en plataforma virtual y tambi\u00e9n de forma convencional\u00a0<\/p>\n","protected":false},"author":72,"featured_media":0,"comment_status":"closed","ping_status":"open","sticky":false,"template":"","format":"standard","meta":{"footnotes":""},"categories":[15,59],"tags":[],"class_list":["post-126956","post","type-post","status-publish","format-standard","hentry","category-destacadas","category-general"],"_links":{"self":[{"href":"https:\/\/plazajuarez.mx\/historico\/wp-json\/wp\/v2\/posts\/126956","targetHints":{"allow":["GET"]}}],"collection":[{"href":"https:\/\/plazajuarez.mx\/historico\/wp-json\/wp\/v2\/posts"}],"about":[{"href":"https:\/\/plazajuarez.mx\/historico\/wp-json\/wp\/v2\/types\/post"}],"author":[{"embeddable":true,"href":"https:\/\/plazajuarez.mx\/historico\/wp-json\/wp\/v2\/users\/72"}],"replies":[{"embeddable":true,"href":"https:\/\/plazajuarez.mx\/historico\/wp-json\/wp\/v2\/comments?post=126956"}],"version-history":[{"count":0,"href":"https:\/\/plazajuarez.mx\/historico\/wp-json\/wp\/v2\/posts\/126956\/revisions"}],"wp:attachment":[{"href":"https:\/\/plazajuarez.mx\/historico\/wp-json\/wp\/v2\/media?parent=126956"}],"wp:term":[{"taxonomy":"category","embeddable":true,"href":"https:\/\/plazajuarez.mx\/historico\/wp-json\/wp\/v2\/categories?post=126956"},{"taxonomy":"post_tag","embeddable":true,"href":"https:\/\/plazajuarez.mx\/historico\/wp-json\/wp\/v2\/tags?post=126956"}],"curies":[{"name":"wp","href":"https:\/\/api.w.org\/{rel}","templated":true}]}}