{"id":126954,"date":"2020-08-02T08:09:16","date_gmt":"2020-08-02T13:09:16","guid":{"rendered":"https:\/\/plazajuarez.mx\/?p=126954"},"modified":"2020-08-02T08:09:31","modified_gmt":"2020-08-02T13:09:31","slug":"piden-disolver-el-parlamento-iraqui-para-anticipar-elecciones-2","status":"publish","type":"post","link":"https:\/\/plazajuarez.mx\/historico\/piden-disolver-el-parlamento-iraqui-para-anticipar-elecciones-2\/","title":{"rendered":"Piden disolver el Parlamento iraqu\u00ed para anticipar elecciones"},"content":{"rendered":"\n<ul class=\"wp-block-list\"><li><strong>Lo pide el propio presidente del Parlamento<\/strong><\/li><\/ul>\n\n\n\n<!--more-->\n\n\n\n<p>En un discurso televisado el primer ministro iraqu\u00ed fij\u00f3 la fecha de los comicios para el 6 de junio de 2021. Oposici\u00f3n los quiere antes<br><br>EFE.- El presidente del Parlamento de Irak, Mohamed al Halbusi, abog\u00f3 ayer por disolver el Legislativo para poder convocar elecciones anticipadas antes de la fecha anunciada la noche del viernes por el primer ministro, Mustafa al Kazemi, de junio de 2021.<\/p>\n\n\n\n<p>&#8220;Llamamos a elecciones m\u00e1s anticipadas y hacemos una sesi\u00f3n extraordinaria transmitida con la asistencia de las presidencias y las fuerzas pol\u00edticas para seguir en las medidas constitucionales seg\u00fan el art\u00edculo 64, como \u00fanica v\u00eda para las elecciones anticipadas&#8221;, indic\u00f3 Halbusi en su cuenta de Twitter.<\/p>\n\n\n\n<p>De acuerdo con el art\u00edculo 64 de la Constituci\u00f3n iraqu\u00ed, existe la posibilidad de que, a petici\u00f3n de un tercio de los parlamentarios y con aprobaci\u00f3n de la mayor\u00eda de la C\u00e1mara, se disuelva el Hemiciclo y el presidente convoque elecciones en un m\u00e1ximo de 60 d\u00edas, durante los que el Gobierno seguir\u00eda de forma interina.<\/p>\n\n\n\n<p>Al Halbusi argument\u00f3 que los &#8220;sucesivos&#8221; gobiernos no cumplieron con sus programas, provocando que continuasen las protestas iniciadas en octubre contra la falta de servicios b\u00e1sicos y la corrupci\u00f3n, y que llevaron a la dimisi\u00f3n del Ejecutivo del ex primer ministro Adel Abdelmahdi.<\/p>\n","protected":false},"excerpt":{"rendered":"<p>Lo pide el propio presidente del Parlamento<\/p>\n","protected":false},"author":80,"featured_media":0,"comment_status":"closed","ping_status":"open","sticky":false,"template":"","format":"standard","meta":{"footnotes":""},"categories":[31],"tags":[],"class_list":["post-126954","post","type-post","status-publish","format-standard","hentry","category-orbe"],"_links":{"self":[{"href":"https:\/\/plazajuarez.mx\/historico\/wp-json\/wp\/v2\/posts\/126954","targetHints":{"allow":["GET"]}}],"collection":[{"href":"https:\/\/plazajuarez.mx\/historico\/wp-json\/wp\/v2\/posts"}],"about":[{"href":"https:\/\/plazajuarez.mx\/historico\/wp-json\/wp\/v2\/types\/post"}],"author":[{"embeddable":true,"href":"https:\/\/plazajuarez.mx\/historico\/wp-json\/wp\/v2\/users\/80"}],"replies":[{"embeddable":true,"href":"https:\/\/plazajuarez.mx\/historico\/wp-json\/wp\/v2\/comments?post=126954"}],"version-history":[{"count":0,"href":"https:\/\/plazajuarez.mx\/historico\/wp-json\/wp\/v2\/posts\/126954\/revisions"}],"wp:attachment":[{"href":"https:\/\/plazajuarez.mx\/historico\/wp-json\/wp\/v2\/media?parent=126954"}],"wp:term":[{"taxonomy":"category","embeddable":true,"href":"https:\/\/plazajuarez.mx\/historico\/wp-json\/wp\/v2\/categories?post=126954"},{"taxonomy":"post_tag","embeddable":true,"href":"https:\/\/plazajuarez.mx\/historico\/wp-json\/wp\/v2\/tags?post=126954"}],"curies":[{"name":"wp","href":"https:\/\/api.w.org\/{rel}","templated":true}]}}