{"id":126924,"date":"2020-08-02T07:42:00","date_gmt":"2020-08-02T12:42:00","guid":{"rendered":"https:\/\/plazajuarez.mx\/?p=126924"},"modified":"2020-08-02T07:42:14","modified_gmt":"2020-08-02T12:42:14","slug":"la-hija-de-alejandro-fernandez-se-casa-en-mexico-al-estilo-charro","status":"publish","type":"post","link":"https:\/\/plazajuarez.mx\/historico\/la-hija-de-alejandro-fernandez-se-casa-en-mexico-al-estilo-charro\/","title":{"rendered":"La hija de Alejandro Fern\u00e1ndez se casa en M\u00e9xico al estilo charro"},"content":{"rendered":"\n<ul class=\"wp-block-list\"><li><strong>Fue una ceremonia \u00edntima en la que estuvo ausente su abuelo, de 80 a\u00f1os.<\/strong><\/li><\/ul>\n\n\n\n<!--more-->\n\n\n\n<p>La cantante mexicana Camila Fern\u00e1ndez, hija del int\u00e9rprete Alejandro Fern\u00e1ndez y nieta del ic\u00f3nico Vicente Fern\u00e1ndez, contrajo matrimonio este s\u00e1bado en Zapopan, en el occidental estado de Jalisco, en una boda al estilo charro para honrar sus ra\u00edces.<\/p>\n\n\n\n<p>La joven de 22 a\u00f1os se cas\u00f3 con el joven Francisco Barba tras nueve meses de noviazgo en una ceremonia \u00edntima en la que estuvo ausente su abuelo, de 80 a\u00f1os.<\/p>\n\n\n\n<p>Alejandro Fern\u00e1ndez, conocido como El Potrillo, llev\u00f3 cubrebocas por la pandemia de COVID-19 y visti\u00f3 un traje de charro negro para entregar en el altar a Camila, una de las gemelas de su matrimonio con Am\u00e9rica Guinart.<\/p>\n\n\n\n<p>El novio lleg\u00f3 a la iglesia de San Francisco, ubicada en una zona residencial de Zapopan, colindante con Guadalajara, vestido de charro y montando a caballo acompa\u00f1ado de algunos amigos.<\/p>\n\n\n\n<p>En la ceremonia estuvieron presentes su hermano el tambi\u00e9n cantante, Alex Fern\u00e1ndez y dem\u00e1s familiares, aunque no hubo invitados famosos debido a que la iglesia permiti\u00f3 que acudieran solo personas cercanas a los novios.<\/p>\n\n\n\n<p>Los asistentes siguieron los protocolos sanitarios recomendados por las autoridades, con distancia entre los asistentes, algunos de ellos con mascarilla.<\/p>\n\n\n\n<p>Camila sigui\u00f3 los pasos de su abuelo, un icono mundial de las rancheras, y comenz\u00f3 su carrera art\u00edstica en 2014 acompa\u00f1ando a su padre en un dueto.<\/p>\n\n\n\n<p>Un a\u00f1o despu\u00e9s firm\u00f3 contrato con la discogr\u00e1fica Universal Music y en 2018 public\u00f3 su primer disco titulado &#8220;M\u00edo&#8221;, adem\u00e1s de realizar colaboraciones con Disney.<\/p>\n\n\n\n<p>Adem\u00e1s, del enorme \u00e9xito de Vicente Fern\u00e1ndez, su padre, Alejandro Fern\u00e1ndez, tambi\u00e9n cuenta con una carrera de varias d\u00e9cadas llenas de \u00e9xitos en la m\u00fasica tanto regional como baladas.<\/p>\n\n\n\n<p>Por si fuera poco, su hermano \u00c1lex est\u00e1 despuntando desde hace m\u00e1s de un a\u00f1o, y es \u00e9l quien se acerca m\u00e1s al estilo de su padre y de su abuelo, pues Camila se interesa m\u00e1s por los sonidos del jazz, el rythm and blues y el pop y asegur\u00f3 que sorprender\u00e1 con su pr\u00f3ximo material. EFE<\/p>\n","protected":false},"excerpt":{"rendered":"<p>Fue una ceremonia \u00edntima en la que estuvo ausente su abuelo, de 80 a\u00f1os.<\/p>\n","protected":false},"author":80,"featured_media":0,"comment_status":"closed","ping_status":"open","sticky":false,"template":"","format":"standard","meta":{"footnotes":""},"categories":[15,38],"tags":[],"class_list":["post-126924","post","type-post","status-publish","format-standard","hentry","category-destacadas","category-show"],"_links":{"self":[{"href":"https:\/\/plazajuarez.mx\/historico\/wp-json\/wp\/v2\/posts\/126924","targetHints":{"allow":["GET"]}}],"collection":[{"href":"https:\/\/plazajuarez.mx\/historico\/wp-json\/wp\/v2\/posts"}],"about":[{"href":"https:\/\/plazajuarez.mx\/historico\/wp-json\/wp\/v2\/types\/post"}],"author":[{"embeddable":true,"href":"https:\/\/plazajuarez.mx\/historico\/wp-json\/wp\/v2\/users\/80"}],"replies":[{"embeddable":true,"href":"https:\/\/plazajuarez.mx\/historico\/wp-json\/wp\/v2\/comments?post=126924"}],"version-history":[{"count":0,"href":"https:\/\/plazajuarez.mx\/historico\/wp-json\/wp\/v2\/posts\/126924\/revisions"}],"wp:attachment":[{"href":"https:\/\/plazajuarez.mx\/historico\/wp-json\/wp\/v2\/media?parent=126924"}],"wp:term":[{"taxonomy":"category","embeddable":true,"href":"https:\/\/plazajuarez.mx\/historico\/wp-json\/wp\/v2\/categories?post=126924"},{"taxonomy":"post_tag","embeddable":true,"href":"https:\/\/plazajuarez.mx\/historico\/wp-json\/wp\/v2\/tags?post=126924"}],"curies":[{"name":"wp","href":"https:\/\/api.w.org\/{rel}","templated":true}]}}