{"id":126571,"date":"2020-07-31T07:00:14","date_gmt":"2020-07-31T12:00:14","guid":{"rendered":"https:\/\/plazajuarez.mx\/?p=126571"},"modified":"2020-07-31T07:01:18","modified_gmt":"2020-07-31T12:01:18","slug":"elecciones-municipales-el-18-de-octubre","status":"publish","type":"post","link":"https:\/\/plazajuarez.mx\/historico\/elecciones-municipales-el-18-de-octubre\/","title":{"rendered":"Habr\u00e1 elecciones el 18 de octubre en Hidalgo"},"content":{"rendered":"\n<ul class=\"wp-block-list\"><li><strong>A menos que el Consejo General de Salubridad diga lo contrario, la fecha ser\u00e1 un hecho<\/strong><\/li><\/ul>\n\n\n\n<!--more-->\n\n\n\n<p>En sesi\u00f3n extraordinaria el Consejo General del Instituto Nacional Electoral (INE) aprob\u00f3 la realizaci\u00f3n de la elecci\u00f3n de los 84 presidentes municipales para el tercer domingo del mes de octubre (18) as\u00ed como el que los perfiles electos asuman el cargo el 15 de diciembre, luego de asegurar que cuentan con los protocolos necesarios para que las etapas del proceso que fue suspendido temporalmente ante la contingencia sanitaria provocada por el covid-19 se realicen en completa seguridad sanitaria.<\/p>\n\n\n\n<p>Destacaron que la decisi\u00f3n se ha tomado luego de analizar la situaci\u00f3n y determinar que en las fases que deben continuar en el proceso electoral no se tendr\u00e1n conglomeraciones de gente por lo que se puede controlar el tema de la sanidad, sin embargo se\u00f1alaron que en caso de que las autoridades sanitarias as\u00ed lo determinen, podr\u00eda haber un cambio de fecha y con ello la suspensi\u00f3n temporal nuevamente del proceso electoral, sin embargo adelantaron que esperan que la fecha aprobada sea la definitiva.<\/p>\n\n\n\n<p>\u201cActualmente contamos con protocolos para proteger a todas las personas involucradas tanto en el proceso de entrega de la documentaci\u00f3n y material electoral, a las presidencias de mesas directivas para la operaci\u00f3n de mecanismos, recolecci\u00f3n y operaci\u00f3n de las sesiones distritales, procesos, conteos, sellado, agrupamiento, de boletas en los \u00f3rganos correspondientes de los organismos p\u00fablicos locales electorales y estaremos en condiciones de establecer como fecha el domingo 18 de octubre para que se lleve a cabo la elecci\u00f3n\u201d, refiri\u00f3 el consejero presidente Lorenzo C\u00f3rdova Vianello.<\/p>\n\n\n\n<p>De igual forma destac\u00f3 que la propuesta hecha atiende una preocupaci\u00f3n \u201cque las distancias instancias sanitarias consultadas, den un efecto insospechado de una eventual confluencia conjugaci\u00f3n de la pandemia de covid-19 con la influenza estacional que comienza a finales del mes de octubre\u201d.<\/p>\n\n\n\n<p>El acuerdo fue votado en lo general y se aprob\u00f3 por 10 votos y uno que fue en contra, referente a las votaciones en lo particular se estableci\u00f3 que la fecha para la toma de posici\u00f3n de los presidentes municipales electos sea el 15 de diciembre, misma que obtuvo 9 votos a favor y dos en contra, y destacaron que esta propuesta contempla tiempos para que se lleven a cabo algunos procesos posteriores a la jornada electoral como la fiscalizaci\u00f3n y la resoluci\u00f3n por parte de tribunales de las posibles impugnaciones.<\/p>\n\n\n\n<figure class=\"wp-block-embed-facebook wp-block-embed\"><div class=\"wp-block-embed__wrapper\">\nhttps:\/\/www.facebook.com\/watch\/?v=3096718157044269\n<\/div><\/figure>\n","protected":false},"excerpt":{"rendered":"<p>A menos que el Consejo General de Salubridad diga lo contrario, la fecha ser\u00e1 un hecho<\/p>\n","protected":false},"author":93,"featured_media":0,"comment_status":"closed","ping_status":"open","sticky":false,"template":"","format":"standard","meta":{"footnotes":""},"categories":[15,59],"tags":[],"class_list":["post-126571","post","type-post","status-publish","format-standard","hentry","category-destacadas","category-general"],"_links":{"self":[{"href":"https:\/\/plazajuarez.mx\/historico\/wp-json\/wp\/v2\/posts\/126571","targetHints":{"allow":["GET"]}}],"collection":[{"href":"https:\/\/plazajuarez.mx\/historico\/wp-json\/wp\/v2\/posts"}],"about":[{"href":"https:\/\/plazajuarez.mx\/historico\/wp-json\/wp\/v2\/types\/post"}],"author":[{"embeddable":true,"href":"https:\/\/plazajuarez.mx\/historico\/wp-json\/wp\/v2\/users\/93"}],"replies":[{"embeddable":true,"href":"https:\/\/plazajuarez.mx\/historico\/wp-json\/wp\/v2\/comments?post=126571"}],"version-history":[{"count":0,"href":"https:\/\/plazajuarez.mx\/historico\/wp-json\/wp\/v2\/posts\/126571\/revisions"}],"wp:attachment":[{"href":"https:\/\/plazajuarez.mx\/historico\/wp-json\/wp\/v2\/media?parent=126571"}],"wp:term":[{"taxonomy":"category","embeddable":true,"href":"https:\/\/plazajuarez.mx\/historico\/wp-json\/wp\/v2\/categories?post=126571"},{"taxonomy":"post_tag","embeddable":true,"href":"https:\/\/plazajuarez.mx\/historico\/wp-json\/wp\/v2\/tags?post=126571"}],"curies":[{"name":"wp","href":"https:\/\/api.w.org\/{rel}","templated":true}]}}