{"id":126383,"date":"2020-07-29T10:28:03","date_gmt":"2020-07-29T15:28:03","guid":{"rendered":"https:\/\/plazajuarez.mx\/?p=126383"},"modified":"2020-07-29T13:17:20","modified_gmt":"2020-07-29T18:17:20","slug":"emilio-lozoya-primer-mexicano-que-comparece-por-odebrecht","status":"publish","type":"post","link":"https:\/\/plazajuarez.mx\/historico\/emilio-lozoya-primer-mexicano-que-comparece-por-odebrecht\/","title":{"rendered":"Emilio Lozoya niega sobornos de Odebrecht y promete colaborar con justicia"},"content":{"rendered":"\n<ul class=\"wp-block-list\"><li><strong>Se le acusa de los delitos de cohecho, asociaci\u00f3n delictuosa y &#8220;lavado&#8221; de dinero<\/strong><\/li><\/ul>\n\n\n\n<!--more-->\n\n\n\n<p>El exdirector de Pemex Emilio Lozoya neg\u00f3 este mi\u00e9rcoles ante el juez haber recibido 10,5 millones de d\u00f3lares en sobornos de la constructora brasile\u00f1a Odebrecht y se comprometi\u00f3 a &#8220;colaborar&#8221; con la justicia sobre este asunto.<\/p>\n\n\n\n<p>&#8220;De manera respetuosa hacia la autoridad quiero que sepa que no soy culpable ni responsable de los hechos que se me imputan&#8221;, expres\u00f3 durante la audiencia de control, a la que particip\u00f3 de forma telem\u00e1tica desde el hospital al que fue ingresado con anemia tras su extradici\u00f3n desde Espa\u00f1a el 17 de julio.<\/p>\n\n\n\n<p>El que fue director de Petr\u00f3leos Mexicanos (Pemex) entre 2012 y 2016, durante la Presidencia de Enrique Pe\u00f1a Nieto, reiter\u00f3 su &#8220;compromiso de colaborar con las autoridades del Estado mexicano&#8221; y solicit\u00f3 &#8220;un posible criterio de oportunidad&#8221;, es decir que la Fiscal\u00eda rebaje las acusaciones en su contra.<\/p>\n\n\n\n<p>De acuerdo con la transcripci\u00f3n ofrecida por el Consejo de la Judicatura Federal (CJF), ya que la prensa no pudo estar en la audiencia por la COVID-19, la Fiscal\u00eda acus\u00f3 este mi\u00e9rcoles a Lozoya de haber recibido 10,5 millones d\u00f3lares de sobornos de Odebrecht a cambio de obras p\u00fablicas.<\/p>\n\n\n\n<p>Una parte de estos sobornos, 4 millones de d\u00f3lares, los recibi\u00f3 en 2012, cuando Lozoya era coordinador de campa\u00f1a de Pe\u00f1a Nieto y prometi\u00f3 al directivo de Odebrecht en M\u00e9xico Luis Alberto de Meneses un cargo en el futuro gobierno.<\/p>\n\n\n\n<p>En la misma l\u00ednea que sostuvo el martes en una audiencia sobre la compraventa irregular de una planta de fertilizantes, Lozoya dijo que durante la investigaci\u00f3n ha sido &#8220;intimidado, presionado, influenciado e instrumentalizado&#8221;.<\/p>\n\n\n\n<p>&#8220;Se\u00f1alar\u00e9 a las personas responsables de estos hechos y los posibles beneficiarios de los mismos&#8221;, asegur\u00f3.<\/p>\n\n\n\n<p>En la audiencia del martes, el juez de control imput\u00f3 a Lozoya por el delito de recursos de procedencia il\u00edcita por haber participado en la compra irregular de una planta de fertilizantes inservible en 2013 tras recibir un soborno con el que adquiri\u00f3 una casa.<\/p>\n\n\n\n<p>Pero la Fiscal\u00eda General de la Rep\u00fablica caus\u00f3 sorpresa al no pedir prisi\u00f3n preventiva para Lozoya, a pesar de que el a\u00f1o pasado se fug\u00f3 del pa\u00eds.<\/p>\n\n\n\n<p>Lozoya fue capturado en febrero en Espa\u00f1a y acept\u00f3 ser extraditado a M\u00e9xico tras acordar con la Fiscal\u00eda una reducci\u00f3n de su pena a cambio de revelar la identidad de otros implicados en tramas de corrupci\u00f3n en el gobierno de Pe\u00f1a Nieto (2012-2018).<\/p>\n\n\n\n<p>El presidente de M\u00e9xico, Andr\u00e9s Manuel L\u00f3pez Obrador, apoy\u00f3 el acuerdo y este mi\u00e9rcoles defini\u00f3 a Lozoya como &#8220;un testigo colaborador&#8221; y defendi\u00f3 que reciba &#8220;ciertas consideraciones&#8221; a cambio de &#8220;conocer m\u00e1s&#8221; sobre la corrupci\u00f3n en la anterior administraci\u00f3n.<\/p>\n\n\n\n<p>Lozoya es el primer funcionario mexicano que comparece ante el juez por el caso Odebrecht, una trama desvelada en 2014 de sobornos a cambio de obras p\u00fablicas en una decena de pa\u00edses de Am\u00e9rica Latina.<\/p>\n","protected":false},"excerpt":{"rendered":"<p>Se le acusa de los delitos de cohecho, asociaci\u00f3n delictuosa y &#8220;lavado&#8221; de dinero<\/p>\n","protected":false},"author":80,"featured_media":0,"comment_status":"closed","ping_status":"open","sticky":false,"template":"","format":"standard","meta":{"footnotes":""},"categories":[15,36],"tags":[],"class_list":["post-126383","post","type-post","status-publish","format-standard","hentry","category-destacadas","category-nacion"],"_links":{"self":[{"href":"https:\/\/plazajuarez.mx\/historico\/wp-json\/wp\/v2\/posts\/126383","targetHints":{"allow":["GET"]}}],"collection":[{"href":"https:\/\/plazajuarez.mx\/historico\/wp-json\/wp\/v2\/posts"}],"about":[{"href":"https:\/\/plazajuarez.mx\/historico\/wp-json\/wp\/v2\/types\/post"}],"author":[{"embeddable":true,"href":"https:\/\/plazajuarez.mx\/historico\/wp-json\/wp\/v2\/users\/80"}],"replies":[{"embeddable":true,"href":"https:\/\/plazajuarez.mx\/historico\/wp-json\/wp\/v2\/comments?post=126383"}],"version-history":[{"count":0,"href":"https:\/\/plazajuarez.mx\/historico\/wp-json\/wp\/v2\/posts\/126383\/revisions"}],"wp:attachment":[{"href":"https:\/\/plazajuarez.mx\/historico\/wp-json\/wp\/v2\/media?parent=126383"}],"wp:term":[{"taxonomy":"category","embeddable":true,"href":"https:\/\/plazajuarez.mx\/historico\/wp-json\/wp\/v2\/categories?post=126383"},{"taxonomy":"post_tag","embeddable":true,"href":"https:\/\/plazajuarez.mx\/historico\/wp-json\/wp\/v2\/tags?post=126383"}],"curies":[{"name":"wp","href":"https:\/\/api.w.org\/{rel}","templated":true}]}}