{"id":126379,"date":"2020-07-29T10:25:46","date_gmt":"2020-07-29T15:25:46","guid":{"rendered":"https:\/\/plazajuarez.mx\/?p=126379"},"modified":"2020-07-29T10:25:59","modified_gmt":"2020-07-29T15:25:59","slug":"pide-sanchez-cordero-no-criminalizar-el-aborto","status":"publish","type":"post","link":"https:\/\/plazajuarez.mx\/historico\/pide-sanchez-cordero-no-criminalizar-el-aborto\/","title":{"rendered":"Pide S\u00e1nchez Cordero no criminalizar el aborto"},"content":{"rendered":"\n<ul class=\"wp-block-list\"><li><strong>La Suprema Corte de Justicia de la Naci\u00f3n debate este mi\u00e9rcoles invalidar la criminalizaci\u00f3n del aborto en el oriental estado de Veracruz<\/strong><\/li><\/ul>\n\n\n\n<!--more-->\n\n\n\n<p>La secretaria de Gobernaci\u00f3n (Interior) de M\u00e9xico, Olga S\u00e1nchez Cordero, se\u00f1al\u00f3 este mi\u00e9rcoles que una mujer no debe enfrentar un proceso penal a causa del aborto porque eso ser\u00eda recriminalizarla, el d\u00eda en que la Suprema Corte debate sobre esta materia.<\/p>\n\n\n\n<p>&#8220;Mi opini\u00f3n la conocen y la han conocido desde hace muchos a\u00f1os y esta es que la mujer no debe enfrentar un proceso penal por haber tomado una decisi\u00f3n de esa naturaleza (abortar), simplemente es recriminalizarla&#8221;, apunt\u00f3 S\u00e1nchez Cordero.<\/p>\n\n\n\n<p>La Suprema Corte de Justicia de la Naci\u00f3n debate este mi\u00e9rcoles invalidar la criminalizaci\u00f3n del aborto en el oriental estado de Veracruz, lo que podr\u00eda sentar un importante precedente en favor de los derechos sexuales y reproductivos de las mexicanas.<\/p>\n\n\n\n<p>&#8220;Para m\u00ed el hecho de que una mujer enfrente un proceso penal por una situaci\u00f3n de esta naturaleza es algo inadmisible&#8221;, agreg\u00f3<\/p>\n\n\n\n<p>La tambi\u00e9n exmagistrada dijo que ella &#8220;estar\u00eda totalmente de acuerdo&#8221; con la ponencia del ministro de la Corte Suprema Juan Luis Gonz\u00e1lez Alcantar\u00e1, que establece para el estado de Veracruz est\u00e1 situaci\u00f3n.<\/p>\n\n\n\n<p>Este mi\u00e9rcoles, la primera sala de la SCJN discutir\u00e1 un proyecto que respalda a un juez federal de la ciudad de Xalapa, Veracruz, quien en 2019 resolvi\u00f3 un amparo en el que ordena al Congreso local reformar los art\u00edculos 149, 150 y 154 del C\u00f3digo Penal porque criminalizan la interrupci\u00f3n del embarazo.<\/p>\n\n\n\n<p>Para su aprobaci\u00f3n es obligado que tres de cinco ministros de la Corte voten a favor de invalidar el C\u00f3digo Penal de Veracruz sobre el tema, lo cual sentar\u00eda un precedente para que en otros estados se presenten recursos similares e intentar sentar jurisprudencia.<\/p>\n\n\n\n<p>En M\u00e9xico, \u00fanicamente en la Ciudad de M\u00e9xico y el estado de Oaxaca se permite la interrupci\u00f3n legal del embarazo hasta las 12 semanas de gestaci\u00f3n, aunque en todos los estados se autoriza por causa violaci\u00f3n y casi en todos por riesgo a la salud y muerte de la madre.<\/p>\n\n\n\n<p><strong>ESTRATEGIA DE PROTECCI\u00d3N PARA MUJERES<\/strong><\/p>\n\n\n\n<p>S\u00e1nchez Cordero tambi\u00e9n fue la encargada de presentar una estrategia nacional de protecci\u00f3n integral para mujeres, ni\u00f1as y adolescentes, que debe contribuir a garantizar su derecho a vivir sin violencias.<\/p>\n\n\n\n<p>La funcionaria consider\u00f3 como primordial la capacitaci\u00f3n con perspectiva de g\u00e9nero en todos los niveles de Gobierno y llam\u00f3 a los Congresos estatales para que reformen su c\u00f3digo civil debido a que son &#8220;verdaderamente discriminatorios&#8221;.<\/p>\n\n\n\n<p>Ya que &#8220;privilegian&#8221; la patria potestad de los ni\u00f1os hu\u00e9rfanos a los padres del padre y no a los padres de la madre v\u00edctima de feminicidio.<\/p>\n\n\n\n<p>Adem\u00e1s, S\u00e1nchez Cordero present\u00f3 el Grupo Intersecretarial de Estrategia Contra Violencias, el GIEV, que esta formado por diversas dependencias para combatir las violencias contra las mujeres en M\u00e9xico.<\/p>\n\n\n\n<p>En su turno, el presidente de M\u00e9xico, Andr\u00e9s Manuel L\u00f3pez Obrador, dijo que durante su Gobierno se trabaja para lograr la igualdad de g\u00e9nero y &#8220;como nunca se esta procurando la igualdad en lo econ\u00f3mico y social y se est\u00e1 ayudando mucho a las mujeres m\u00e1s pobres y necesitadas&#8221;.<\/p>\n\n\n\n<p>El Gobierno mexicano report\u00f3 recientemente 2.851 homicidios dolosos en junio, una ca\u00edda mensual de 2,23 %, pero un aumento de 35,62 % en los feminicidios con 99 v\u00edctimas.<\/p>\n\n\n\n<p>De enero a junio de 2020 se registraron en M\u00e9xico 489 feminicidios, seg\u00fan el Sistema Nacional de Seguridad P\u00fablica (SNSP), mientras en 2019 los asesinatos de mujeres por raz\u00f3n de g\u00e9nero fueron 1.012.<\/p>\n","protected":false},"excerpt":{"rendered":"<p>La Suprema Corte de Justicia de la Naci\u00f3n debate este mi\u00e9rcoles invalidar la criminalizaci\u00f3n del aborto en el oriental estado de Veracruz<\/p>\n","protected":false},"author":80,"featured_media":0,"comment_status":"closed","ping_status":"open","sticky":false,"template":"","format":"standard","meta":{"footnotes":""},"categories":[15,36],"tags":[],"class_list":["post-126379","post","type-post","status-publish","format-standard","hentry","category-destacadas","category-nacion"],"_links":{"self":[{"href":"https:\/\/plazajuarez.mx\/historico\/wp-json\/wp\/v2\/posts\/126379","targetHints":{"allow":["GET"]}}],"collection":[{"href":"https:\/\/plazajuarez.mx\/historico\/wp-json\/wp\/v2\/posts"}],"about":[{"href":"https:\/\/plazajuarez.mx\/historico\/wp-json\/wp\/v2\/types\/post"}],"author":[{"embeddable":true,"href":"https:\/\/plazajuarez.mx\/historico\/wp-json\/wp\/v2\/users\/80"}],"replies":[{"embeddable":true,"href":"https:\/\/plazajuarez.mx\/historico\/wp-json\/wp\/v2\/comments?post=126379"}],"version-history":[{"count":0,"href":"https:\/\/plazajuarez.mx\/historico\/wp-json\/wp\/v2\/posts\/126379\/revisions"}],"wp:attachment":[{"href":"https:\/\/plazajuarez.mx\/historico\/wp-json\/wp\/v2\/media?parent=126379"}],"wp:term":[{"taxonomy":"category","embeddable":true,"href":"https:\/\/plazajuarez.mx\/historico\/wp-json\/wp\/v2\/categories?post=126379"},{"taxonomy":"post_tag","embeddable":true,"href":"https:\/\/plazajuarez.mx\/historico\/wp-json\/wp\/v2\/tags?post=126379"}],"curies":[{"name":"wp","href":"https:\/\/api.w.org\/{rel}","templated":true}]}}