{"id":126374,"date":"2020-07-29T08:58:09","date_gmt":"2020-07-29T13:58:09","guid":{"rendered":"https:\/\/plazajuarez.mx\/?p=126374"},"modified":"2020-07-29T08:58:17","modified_gmt":"2020-07-29T13:58:17","slug":"denuncian-a-ellen-degeneres","status":"publish","type":"post","link":"https:\/\/plazajuarez.mx\/historico\/denuncian-a-ellen-degeneres\/","title":{"rendered":"Denuncian a Ellen DeGeneres"},"content":{"rendered":"\n<ul class=\"wp-block-list\"><li><strong>Antiguos empleados del programa acusan al equipo de &#8220;racismo&#8221; y &#8220;cultura de trabajo t\u00f3xica&#8221; en BuzzFeed\u00a0<\/strong><\/li><\/ul>\n\n\n\n<!--more-->\n\n\n\n<p>La compa\u00f1\u00eda WarnerMedia contrat\u00f3 los servicios de una investigaci\u00f3n independiente para el programa &#8220;The Ellen DeGeneres Show&#8221;, despu\u00e9s de conocer varios testimonios que denuncian una cultura laboral &#8220;t\u00f3xica&#8221;, acoso profesional y racismo en el equipo.<\/p>\n\n\n\n<p>El magazine conducido por la c\u00f3mica Ellen DeGeneres desde 2003 es uno de los programas exitosos de la televisi\u00f3n estadounidense, pero adem\u00e1s sus contenidos son seguidos en otras partes del mundo, con gran influencia en la cultura popular gracias, en parte, a que recibe invitados de primer nivel.<\/p>\n\n\n\n<p>Pero una exclusiva del diario Variety publicada este lunes, y respaldada despu\u00e9s por prensa especializada, afirma que varios empleados del programa han recibido un comunicado que informa de que se llevar\u00e1n a cabo una serie de entrevistas al equipo como parte de una investigaci\u00f3n independiente.<\/p>\n\n\n\n<p>La noticia llega semanas despu\u00e9s de que el diario digital BuzzFeed publicara un reportaje en el que antiguos empleados del programa acusaban al equipo de &#8220;racismo&#8221; y &#8220;cultura de trabajo t\u00f3xica&#8221;.<\/p>\n\n\n\n<p>En el art\u00edculo se citaban alegaciones de comentarios inapropiados y una din\u00e1mica de &#8220;miedo&#8221; en el que los empleados recibir\u00e1n represalias al tomar d\u00edas libres por problemas m\u00e9dicos o familiares, entre otros ejemplos.<\/p>\n","protected":false},"excerpt":{"rendered":"<p>Antiguos empleados del programa acusan al equipo de &#8220;racismo&#8221; y &#8220;cultura de trabajo t\u00f3xica&#8221; en BuzzFeed\u00a0<\/p>\n","protected":false},"author":80,"featured_media":0,"comment_status":"closed","ping_status":"open","sticky":false,"template":"","format":"standard","meta":{"footnotes":""},"categories":[38],"tags":[],"class_list":["post-126374","post","type-post","status-publish","format-standard","hentry","category-show"],"_links":{"self":[{"href":"https:\/\/plazajuarez.mx\/historico\/wp-json\/wp\/v2\/posts\/126374","targetHints":{"allow":["GET"]}}],"collection":[{"href":"https:\/\/plazajuarez.mx\/historico\/wp-json\/wp\/v2\/posts"}],"about":[{"href":"https:\/\/plazajuarez.mx\/historico\/wp-json\/wp\/v2\/types\/post"}],"author":[{"embeddable":true,"href":"https:\/\/plazajuarez.mx\/historico\/wp-json\/wp\/v2\/users\/80"}],"replies":[{"embeddable":true,"href":"https:\/\/plazajuarez.mx\/historico\/wp-json\/wp\/v2\/comments?post=126374"}],"version-history":[{"count":0,"href":"https:\/\/plazajuarez.mx\/historico\/wp-json\/wp\/v2\/posts\/126374\/revisions"}],"wp:attachment":[{"href":"https:\/\/plazajuarez.mx\/historico\/wp-json\/wp\/v2\/media?parent=126374"}],"wp:term":[{"taxonomy":"category","embeddable":true,"href":"https:\/\/plazajuarez.mx\/historico\/wp-json\/wp\/v2\/categories?post=126374"},{"taxonomy":"post_tag","embeddable":true,"href":"https:\/\/plazajuarez.mx\/historico\/wp-json\/wp\/v2\/tags?post=126374"}],"curies":[{"name":"wp","href":"https:\/\/api.w.org\/{rel}","templated":true}]}}