{"id":126372,"date":"2020-07-29T08:59:49","date_gmt":"2020-07-29T13:59:49","guid":{"rendered":"https:\/\/plazajuarez.mx\/?p=126372"},"modified":"2020-07-29T09:00:05","modified_gmt":"2020-07-29T14:00:05","slug":"manny-manuel-es-ingresado-por-recaida-en-alcoholismo","status":"publish","type":"post","link":"https:\/\/plazajuarez.mx\/historico\/manny-manuel-es-ingresado-por-recaida-en-alcoholismo\/","title":{"rendered":"Manny Manuel es ingresado por reca\u00edda en alcoholismo"},"content":{"rendered":"\n<ul class=\"wp-block-list\"><li><strong>\u201cAgradecemos las muestras de cari\u00f1o, respeto y las oraciones de todos&#8221;<\/strong><\/li><\/ul>\n\n\n\n<!--more-->\n\n\n\n<p>El cantante puertorrique\u00f1o Manny Manuel est\u00e1 ingresado en una cl\u00ednica en Puerto Rico tras sufrir una reca\u00edda con su problema de alcoholismo.<\/p>\n\n\n\n<p>En un comunicado Luis\u00edn Mart\u00ed, m\u00e1nager de Manny Manuel, dijo este lunes que est\u00e1 &#8220;recibiendo tratamiento&#8221; en un centro hospitalario del que no detall\u00f3 el nombre.<\/p>\n\n\n\n<p>&#8220;Manny viaj\u00f3 a Puerto Rico en d\u00edas recientes por asuntos personales y sufri\u00f3 una reca\u00edda con su problema de alcoholismo. Ahora mismo est\u00e1 siendo cuidado por un panel de expertos en la medicina, quienes tienen nuestra plena confianza. Est\u00e1 en las mejores manos. No podemos ofrecer m\u00e1s detalles con el fin de resguardar la privacidad de \u00e9l como paciente&#8221;, subray\u00f3.<\/p>\n\n\n\n<p>Por \u00faltimo, indica que conf\u00eda &#8220;que se recupere y muy pronto est\u00e9 de vuelta con nosotros. Agradecemos las muestras de cari\u00f1o, respeto y las oraciones de todos&#8221;.<\/p>\n\n\n\n<p>Manuel fue obligado el 24 de febrero del a\u00f1o pasado a bajar del escenario en el que actuaba durante el carnaval de Las Palmas de Gran Canaria debido al estado que presentaba.<\/p>\n\n\n\n<p>El cantante atribuy\u00f3 esto a que hab\u00eda tomado unos ansiol\u00edticos antes de subir al escenario porque hab\u00eda recibido &#8220;noticias familiares dif\u00edciles desde Puerto Rico&#8221;.<\/p>\n\n\n\n<p>Tras el suceso, el llamado &#8220;Rey de corazones&#8221; se mantuvo un tiempo en Espa\u00f1a reflexionando y analizando algunos cambios en su vida.<\/p>\n","protected":false},"excerpt":{"rendered":"<p>\u201cAgradecemos las muestras de cari\u00f1o, respeto y las oraciones de todos&#8221;<\/p>\n","protected":false},"author":80,"featured_media":0,"comment_status":"closed","ping_status":"open","sticky":false,"template":"","format":"standard","meta":{"footnotes":""},"categories":[38],"tags":[],"class_list":["post-126372","post","type-post","status-publish","format-standard","hentry","category-show"],"_links":{"self":[{"href":"https:\/\/plazajuarez.mx\/historico\/wp-json\/wp\/v2\/posts\/126372","targetHints":{"allow":["GET"]}}],"collection":[{"href":"https:\/\/plazajuarez.mx\/historico\/wp-json\/wp\/v2\/posts"}],"about":[{"href":"https:\/\/plazajuarez.mx\/historico\/wp-json\/wp\/v2\/types\/post"}],"author":[{"embeddable":true,"href":"https:\/\/plazajuarez.mx\/historico\/wp-json\/wp\/v2\/users\/80"}],"replies":[{"embeddable":true,"href":"https:\/\/plazajuarez.mx\/historico\/wp-json\/wp\/v2\/comments?post=126372"}],"version-history":[{"count":0,"href":"https:\/\/plazajuarez.mx\/historico\/wp-json\/wp\/v2\/posts\/126372\/revisions"}],"wp:attachment":[{"href":"https:\/\/plazajuarez.mx\/historico\/wp-json\/wp\/v2\/media?parent=126372"}],"wp:term":[{"taxonomy":"category","embeddable":true,"href":"https:\/\/plazajuarez.mx\/historico\/wp-json\/wp\/v2\/categories?post=126372"},{"taxonomy":"post_tag","embeddable":true,"href":"https:\/\/plazajuarez.mx\/historico\/wp-json\/wp\/v2\/tags?post=126372"}],"curies":[{"name":"wp","href":"https:\/\/api.w.org\/{rel}","templated":true}]}}