{"id":126359,"date":"2020-07-29T08:52:51","date_gmt":"2020-07-29T13:52:51","guid":{"rendered":"https:\/\/plazajuarez.mx\/?p=126359"},"modified":"2020-07-29T08:53:05","modified_gmt":"2020-07-29T13:53:05","slug":"conspiraciones-en-tiempos-del-covid-19","status":"publish","type":"post","link":"https:\/\/plazajuarez.mx\/historico\/conspiraciones-en-tiempos-del-covid-19\/","title":{"rendered":"Conspiraciones en tiempos del Covid-19"},"content":{"rendered":"\n<ul class=\"wp-block-list\"><li><strong>Son discursos que guardan una estrecha relaci\u00f3n con movimientos como los antivacunas<\/strong><\/li><\/ul>\n\n\n\n<!--more-->\n\n\n\n<p>Encuentran en la pandemia el momento id\u00f3neo para poder expandir sus ideales, transformando y adaptando sus mensajes.<\/p>\n\n\n\n<p>EFE.- Una creciente oleada de desinformaci\u00f3n, bulos y teor\u00edas de la conspiraci\u00f3n intoxica el debate p\u00fablico y redes sociales, la cual se ha visto reforzada durante la crisis del coronavirus, adaptando sus mensajes a la extra\u00f1a realidad que vivimos.<\/p>\n\n\n\n<p>En Internet proliferan discursos que niegan la existencia de la Covid-19; o que detr\u00e1s de la pandemia se esconden los intereses ocultos del \u2018nuevo orden mundial\u2019.<\/p>\n\n\n\n<p>Estos mensajes han tenido cierto calado en la opini\u00f3n p\u00fablica. En EU hay encuestas que se\u00f1alan que alrededor de 25% de sus ciudadanos cree que, &#8220;definitivamente&#8221; el brote de coronavirus fue planeado intencionalmente por poderosos.<\/p>\n\n\n\n<p>En ciudades como Florida o Londres han culminado en protestas de grupos autodenominados \u201cantimascarillas\u201d. En Italia, ha surgido el movimiento \u201cchalecos naranjas\u201d, que defiende que la Covid-19 es un enga\u00f1o para controlar a los pueblos.<\/p>\n\n\n\n<p>Estas nuevas corrientes son solo la punta del iceberg de un gran entramado de teor\u00edas de la conspiraci\u00f3n que comparten un mismo trasfondo: son respuestas sencillas a situaciones complejas, sus emisores conocen muy bien c\u00f3mo funcionan los bulos y esconden intereses econ\u00f3micos.<\/p>\n\n\n\n<p><strong>LA INCERTIDUMBRE<\/strong><\/p>\n\n\n\n<p>La situaci\u00f3n re\u00fane ingredientes perfectos para la expansi\u00f3n de rumores y bulos: grandes dosis de incertidumbre y un momento con informaci\u00f3n relevante, explica Guillermo Fouce, doctor en psicolog\u00eda y presidente de Psicolog\u00eda sin Fronteras.<\/p>\n\n\n\n<p>Estas teor\u00edas, apunta, buscan dar respuestas \u201cmuy universales\u201d. Apelan a las emociones m\u00e1s b\u00e1sicas como el miedo y son capaces de llegar \u201ca personas distintas con caracter\u00edsticas muy diferentes\u201d. \u201cUna de las peores cosas que llevamos los seres humanos es la incertidumbre (\u2026) Si alguien viene a resolverte las cosas de manera que no tengas que pensarlas mucho y que sean un atajo, aunque sea mentira, combates la incertidumbre y ya te sientes mejor\u201d.<\/p>\n","protected":false},"excerpt":{"rendered":"<p>Son discursos que guardan una estrecha relaci\u00f3n con movimientos como los antivacunas<\/p>\n","protected":false},"author":80,"featured_media":0,"comment_status":"closed","ping_status":"open","sticky":false,"template":"","format":"standard","meta":{"footnotes":""},"categories":[31],"tags":[],"class_list":["post-126359","post","type-post","status-publish","format-standard","hentry","category-orbe"],"_links":{"self":[{"href":"https:\/\/plazajuarez.mx\/historico\/wp-json\/wp\/v2\/posts\/126359","targetHints":{"allow":["GET"]}}],"collection":[{"href":"https:\/\/plazajuarez.mx\/historico\/wp-json\/wp\/v2\/posts"}],"about":[{"href":"https:\/\/plazajuarez.mx\/historico\/wp-json\/wp\/v2\/types\/post"}],"author":[{"embeddable":true,"href":"https:\/\/plazajuarez.mx\/historico\/wp-json\/wp\/v2\/users\/80"}],"replies":[{"embeddable":true,"href":"https:\/\/plazajuarez.mx\/historico\/wp-json\/wp\/v2\/comments?post=126359"}],"version-history":[{"count":0,"href":"https:\/\/plazajuarez.mx\/historico\/wp-json\/wp\/v2\/posts\/126359\/revisions"}],"wp:attachment":[{"href":"https:\/\/plazajuarez.mx\/historico\/wp-json\/wp\/v2\/media?parent=126359"}],"wp:term":[{"taxonomy":"category","embeddable":true,"href":"https:\/\/plazajuarez.mx\/historico\/wp-json\/wp\/v2\/categories?post=126359"},{"taxonomy":"post_tag","embeddable":true,"href":"https:\/\/plazajuarez.mx\/historico\/wp-json\/wp\/v2\/tags?post=126359"}],"curies":[{"name":"wp","href":"https:\/\/api.w.org\/{rel}","templated":true}]}}