{"id":126343,"date":"2020-07-29T08:54:38","date_gmt":"2020-07-29T13:54:38","guid":{"rendered":"https:\/\/plazajuarez.mx\/?p=126343"},"modified":"2020-07-29T08:54:50","modified_gmt":"2020-07-29T13:54:50","slug":"la-onu-enprecaucion-ante-tension-fronteriza-con-israel","status":"publish","type":"post","link":"https:\/\/plazajuarez.mx\/historico\/la-onu-enprecaucion-ante-tension-fronteriza-con-israel\/","title":{"rendered":"La ONU, en&#8221;Precauci\u00f3n&#8221; ante tensi\u00f3n fronteriza con Israel"},"content":{"rendered":"\n<ul class=\"wp-block-list\"><li><strong>Pide primer ministro liban\u00e9s<\/strong><strong>&nbsp;<\/strong><\/li><\/ul>\n\n\n\n<!--more-->\n\n\n\n<p>Por su parte, el presidente liban\u00e9s conden\u00f3 &#8220;el ataque del enemigo israel\u00ed que supone una amenaza para la estabilidad del L\u00edbano&#8221;.<\/p>\n\n\n\n<p>EFE.- El primer ministro liban\u00e9s, Hasan Diab, pidi\u00f3 ayer &#8220;precauci\u00f3n en los pr\u00f3ximos d\u00edas&#8221; tras un aumento de la tensi\u00f3n con Israel, pa\u00eds al que acus\u00f3 de &#8220;violar la soberan\u00eda del L\u00edbano con una peligrosa escalada militar&#8221;, despu\u00e9s de que ayer se produjera un incidente en la frontera entre ambos pa\u00edses.<\/p>\n\n\n\n<p>&#8220;Pido precauci\u00f3n en los pr\u00f3ximos d\u00edas, porque me temo que las cosas empeorar\u00e1n a la luz de una severa tensi\u00f3n en nuestra frontera&#8221;, dijo Diab en Twitter al t\u00e9rmino de una reuni\u00f3n del Consejo Supremo de Defensa y tras encontrarse con el presidente liban\u00e9s, Michel Aoun.<\/p>\n\n\n\n<p>Asimismo, indic\u00f3 que &#8220;Israel viol\u00f3 la soberan\u00eda del L\u00edbano (&#8230;) con una peligrosa escalada militar&#8221;, despu\u00e9s de que el lunes se produjera un intercambio de fuego en la frontera entre ambos pa\u00edses por una supuesta infiltraci\u00f3n del grupo chi\u00ed liban\u00e9s Hizbul\u00e1, que neg\u00f3 poco despu\u00e9s.<\/p>\n\n\n\n<p>Por esta raz\u00f3n, hizo un llamado a la ONU para que &#8220;condenen la agresi\u00f3n israel\u00ed e impongan la implementaci\u00f3n de la resoluci\u00f3n 1701&#8221; de la ONU, adoptada por el Consejo de Seguridad en 2006 para poner fin a la guerra entre Israel y Hizbul\u00e1, que en 34 d\u00edas dej\u00f3 al menos 1.200 muertos del lado liban\u00e9s.<\/p>\n","protected":false},"excerpt":{"rendered":"<p>Pide primer ministro liban\u00e9s&nbsp;<\/p>\n","protected":false},"author":80,"featured_media":0,"comment_status":"closed","ping_status":"open","sticky":false,"template":"","format":"standard","meta":{"footnotes":""},"categories":[31],"tags":[],"class_list":["post-126343","post","type-post","status-publish","format-standard","hentry","category-orbe"],"_links":{"self":[{"href":"https:\/\/plazajuarez.mx\/historico\/wp-json\/wp\/v2\/posts\/126343","targetHints":{"allow":["GET"]}}],"collection":[{"href":"https:\/\/plazajuarez.mx\/historico\/wp-json\/wp\/v2\/posts"}],"about":[{"href":"https:\/\/plazajuarez.mx\/historico\/wp-json\/wp\/v2\/types\/post"}],"author":[{"embeddable":true,"href":"https:\/\/plazajuarez.mx\/historico\/wp-json\/wp\/v2\/users\/80"}],"replies":[{"embeddable":true,"href":"https:\/\/plazajuarez.mx\/historico\/wp-json\/wp\/v2\/comments?post=126343"}],"version-history":[{"count":0,"href":"https:\/\/plazajuarez.mx\/historico\/wp-json\/wp\/v2\/posts\/126343\/revisions"}],"wp:attachment":[{"href":"https:\/\/plazajuarez.mx\/historico\/wp-json\/wp\/v2\/media?parent=126343"}],"wp:term":[{"taxonomy":"category","embeddable":true,"href":"https:\/\/plazajuarez.mx\/historico\/wp-json\/wp\/v2\/categories?post=126343"},{"taxonomy":"post_tag","embeddable":true,"href":"https:\/\/plazajuarez.mx\/historico\/wp-json\/wp\/v2\/tags?post=126343"}],"curies":[{"name":"wp","href":"https:\/\/api.w.org\/{rel}","templated":true}]}}